{"id":6183,"date":"2014-04-10T11:08:33","date_gmt":"2014-04-10T10:08:33","guid":{"rendered":"http:\/\/www.mn-nachrichten.de\/?p=6183"},"modified":"2014-04-10T11:08:33","modified_gmt":"2014-04-10T10:08:33","slug":"andro-praesident-matwenow-legt-territorialansprueche-an-arktis-nieder","status":"publish","type":"post","link":"https:\/\/www.mn-nachrichten.de\/?p=6183","title":{"rendered":"[Andro] Pr\u00e4sident Matwenow legt Territorialanspr\u00fcche an Arktis nieder"},"content":{"rendered":"<p>Koskow- Es kommt wieder Bewegung in die Polkrise. Pr\u00e4sident Matwenow lie\u00df heute \u00fcber seinen Au\u00dfenminister verk\u00fcnden, dass die Hoheitsanspr\u00fcche Andros an Teile der Arktis keine \u00fcberm\u00e4\u00dfige Bedeutung zugemessen und somit f\u00fcr Andro zweitrangig sind. Um die aktuelle Spannung bez\u00fcglicher dieser Problematik zu l\u00f6sen, lies Matwenow verk\u00fcnden, dass die Territorialanspr\u00fcche niedergelegt werden. <\/p>\n","protected":false},"excerpt":{"rendered":"<p>Koskow- Es kommt wieder Bewegung in die Polkrise. Pr\u00e4sident Matwenow lie\u00df heute \u00fcber seinen Au\u00dfenminister verk\u00fcnden, dass die Hoheitsanspr\u00fcche Andros an Teile der Arktis keine \u00fcberm\u00e4\u00dfige Bedeutung zugemessen und somit f\u00fcr Andro zweitrangig sind. Um die aktuelle Spannung bez\u00fcglicher dieser Problematik zu l\u00f6sen, lies Matwenow verk\u00fcnden, dass die Territorialanspr\u00fcche niedergelegt werden.<\/p>\n","protected":false},"author":123,"featured_media":0,"comment_status":"open","ping_status":"closed","sticky":false,"template":"","format":"standard","meta":{"_crdt_document":"","footnotes":""},"categories":[1,42],"tags":[],"class_list":["post-6183","post","type-post","status-publish","format-standard","hentry","category-international","category-andro"],"_links":{"self":[{"href":"https:\/\/www.mn-nachrichten.de\/index.php?rest_route=\/wp\/v2\/posts\/6183","targetHints":{"allow":["GET"]}}],"collection":[{"href":"https:\/\/www.mn-nachrichten.de\/index.php?rest_route=\/wp\/v2\/posts"}],"about":[{"href":"https:\/\/www.mn-nachrichten.de\/index.php?rest_route=\/wp\/v2\/types\/post"}],"author":[{"embeddable":true,"href":"https:\/\/www.mn-nachrichten.de\/index.php?rest_route=\/wp\/v2\/users\/123"}],"replies":[{"embeddable":true,"href":"https:\/\/www.mn-nachrichten.de\/index.php?rest_route=%2Fwp%2Fv2%2Fcomments&post=6183"}],"version-history":[{"count":1,"href":"https:\/\/www.mn-nachrichten.de\/index.php?rest_route=\/wp\/v2\/posts\/6183\/revisions"}],"predecessor-version":[{"id":6184,"href":"https:\/\/www.mn-nachrichten.de\/index.php?rest_route=\/wp\/v2\/posts\/6183\/revisions\/6184"}],"wp:attachment":[{"href":"https:\/\/www.mn-nachrichten.de\/index.php?rest_route=%2Fwp%2Fv2%2Fmedia&parent=6183"}],"wp:term":[{"taxonomy":"category","embeddable":true,"href":"https:\/\/www.mn-nachrichten.de\/index.php?rest_route=%2Fwp%2Fv2%2Fcategories&post=6183"},{"taxonomy":"post_tag","embeddable":true,"href":"https:\/\/www.mn-nachrichten.de\/index.php?rest_route=%2Fwp%2Fv2%2Ftags&post=6183"}],"curies":[{"name":"wp","href":"https:\/\/api.w.org\/{rel}","templated":true}]}}