{"id":6044,"date":"2014-01-04T19:09:52","date_gmt":"2014-01-04T18:09:52","guid":{"rendered":"http:\/\/www.mn-nachrichten.de\/?p=6044"},"modified":"2014-02-12T22:39:37","modified_gmt":"2014-02-12T21:39:37","slug":"brian-mason-kauft-le-monde","status":"publish","type":"post","link":"https:\/\/www.mn-nachrichten.de\/?p=6044","title":{"rendered":"Brian Mason kauft Le Monde"},"content":{"rendered":"<p><strong>Die Chris-Mason-Stiftung kauft die internationale Zeitung Le Monde. Es sei geplant, das Blatt drastisch auszubauen und grafisch zu \u00fcberarbeiten, teilt die Stiftung am Samstag in Fort Mason mit.<\/strong><\/p>\n<figure id=\"attachment_6045\" aria-describedby=\"caption-attachment-6045\" style=\"width: 150px\" class=\"wp-caption alignright\"><a href=\"http:\/\/www.mn-nachrichten.de\/wp-content\/2014\/01\/bm1.jpg\"><img loading=\"lazy\" decoding=\"async\" src=\"http:\/\/www.mn-nachrichten.de\/wp-content\/2014\/01\/bm1-150x150.jpg\" alt=\"Brian Mason\" width=\"150\" height=\"150\" class=\"size-thumbnail wp-image-6045\" \/><\/a><figcaption id=\"caption-attachment-6045\" class=\"wp-caption-text\">Brian Mason<\/figcaption><\/figure>\n<p>Die Chris-Mason-Stiftung des ratelonischen Politikers und Unternehmers Brian Mason steigt in gro\u00dfem Stil ins Zeitungsgesch\u00e4ft ein und kauft die internationale barnstorvische Tageszeitung Le Monde. Die Zeitung solle einem umf\u00e4nglichen Re-Design unterzogen werden, teilte der Konzern am Samstag mit. \u00dcber den Kaufpreis wurde Stillschweigen vereinbart.<\/p>\n<p>Le Monde war zun\u00e4chst 2011 aus staatlich barnstorvischer Hand herausgel\u00f6st und an Privatinvestoren verkauft worden. Dazu geh\u00f6rt auch der ehemalige ratelonische Wirtschaftsminister Reinhold Heppner, der 20 Prozent an der Zeitung mit rund 1000 Mitarbeitern \u00fcbernahm. Er wird auch in dem neu formierten Verbund eine gewichtige Rolle einnehmen und ab Jahresbeginn als Mitherausgeber agieren.<\/p>\n<p>Die neu eingesetzte Redaktion soll k\u00fcnftig die journalistischen Inhalte der Marke f\u00fcr alle digitalen Kan\u00e4le sowie f\u00fcr die Printprodukte der Gruppe produzieren. Damit entstehe eine der gr\u00f6\u00dften multimedialen Redaktionen der Welt.<\/p>\n","protected":false},"excerpt":{"rendered":"<p>Die Chris-Mason-Stiftung kauft die internationale Zeitung Le Monde. Es sei geplant, das Blatt drastisch auszubauen und grafisch zu \u00fcberarbeiten, teilt die Stiftung am Samstag in Fort Mason mit. Die Chris-Mason-Stiftung des ratelonischen Politikers und Unternehmers Brian Mason steigt in gro\u00dfem Stil ins Zeitungsgesch\u00e4ft ein und kauft die internationale barnstorvische Tageszeitung Le Monde. Die Zeitung solle [&hellip;]<\/p>\n","protected":false},"author":1674,"featured_media":0,"comment_status":"open","ping_status":"closed","sticky":false,"template":"","format":"standard","meta":{"_crdt_document":"","footnotes":""},"categories":[1,6,3,82,290,504,30],"tags":[],"class_list":["post-6044","post","type-post","status-publish","format-standard","hentry","category-international","category-kultur","category-wirtschaft","category-albernia","category-astor","category-barnstorvia","category-demokratische-union"],"_links":{"self":[{"href":"https:\/\/www.mn-nachrichten.de\/index.php?rest_route=\/wp\/v2\/posts\/6044","targetHints":{"allow":["GET"]}}],"collection":[{"href":"https:\/\/www.mn-nachrichten.de\/index.php?rest_route=\/wp\/v2\/posts"}],"about":[{"href":"https:\/\/www.mn-nachrichten.de\/index.php?rest_route=\/wp\/v2\/types\/post"}],"author":[{"embeddable":true,"href":"https:\/\/www.mn-nachrichten.de\/index.php?rest_route=\/wp\/v2\/users\/1674"}],"replies":[{"embeddable":true,"href":"https:\/\/www.mn-nachrichten.de\/index.php?rest_route=%2Fwp%2Fv2%2Fcomments&post=6044"}],"version-history":[{"count":1,"href":"https:\/\/www.mn-nachrichten.de\/index.php?rest_route=\/wp\/v2\/posts\/6044\/revisions"}],"predecessor-version":[{"id":6046,"href":"https:\/\/www.mn-nachrichten.de\/index.php?rest_route=\/wp\/v2\/posts\/6044\/revisions\/6046"}],"wp:attachment":[{"href":"https:\/\/www.mn-nachrichten.de\/index.php?rest_route=%2Fwp%2Fv2%2Fmedia&parent=6044"}],"wp:term":[{"taxonomy":"category","embeddable":true,"href":"https:\/\/www.mn-nachrichten.de\/index.php?rest_route=%2Fwp%2Fv2%2Fcategories&post=6044"},{"taxonomy":"post_tag","embeddable":true,"href":"https:\/\/www.mn-nachrichten.de\/index.php?rest_route=%2Fwp%2Fv2%2Ftags&post=6044"}],"curies":[{"name":"wp","href":"https:\/\/api.w.org\/{rel}","templated":true}]}}