{"id":6033,"date":"2014-01-01T18:51:56","date_gmt":"2014-01-01T17:51:56","guid":{"rendered":"http:\/\/www.mn-nachrichten.de\/?p=6033"},"modified":"2014-01-01T18:51:56","modified_gmt":"2014-01-01T17:51:56","slug":"andromedianisches-imperiumreichstal-neue-erbfeinde-neue-erbfreunde","status":"publish","type":"post","link":"https:\/\/www.mn-nachrichten.de\/?p=6033","title":{"rendered":"[Andro\/Medianisches Imperium\/Reichstal] Neue Erbfeinde? Neue Erbfreunde?"},"content":{"rendered":"<p>Koskow\/Mediana &#8211; Das die Beziehungen zwischen dem Medianischen Imperium und Andro noch nie besonders gut waren, ist keine Neuigkeit. Bislang waren die Beziehungen aber auch einer eher indirekten und nur geringf\u00fcgig bemerkbaren Art. Doch seit nun einem Monat, als die Gem\u00fcter durch androische Anspr\u00fcche an den Pol erhitzt wurden, scheint sich das Imperium auf Andro eingeschossen zu haben. So bezeichnete der staatliche Infodienst des Medianischen Imperium in einer Sendung die F\u00f6derale Republik Andro als deren &#8222;Erb-Feind&#8220;. Ein scheinbar seit Jahren schwellender Konflikt tritt nun offen hervor. Die bislang nur mediale Schlagabtausch wurde durch \u00f6ffentliche Bekanntmachungen der Regierungen weiter versch\u00e4rft. Beide Seiten beanspr\u00fcchen f\u00fcr sich selbst legitim und im Sinne der Gerechtigkeit zu handeln und werfen der jeweils anderen Seite die Gef\u00e4hrdung desd Weltfriedens vor. Ein Gespr\u00e4chsangebot Andros an das Medianische Imperium wurde unterdessen von diesem ausgeschlagen, w\u00e4hrend Glenverness sowie die Demokratische Union mit der F\u00f6deralen Republik in Kontakt getreten sind.<!--more--><br \/>\nDie aktuelle Situation wird offenkundig vom Medianischen Imperium weiter angefeuert, indem man eine Abh\u00f6raff\u00e4re nutzt, nach wie vor Stimmung gegen Andro in der Polkommission zu machen. Dazu pr\u00e4sentierten staatliche Stellen sogar das angebliche Abh\u00f6rger\u00e4t im Fernsehen. Andros Au\u00dfenministerium dementiert die ganze Angelegenheit, was im Imperium offenbar nicht Ernst genommen wird.<br \/>\nInzwischen erkl\u00e4rte Dreib\u00fcrgen Andro zum neuen Verb\u00fcndeten, was die Position Andros deutlich st\u00e4rken d\u00fcrfte.<br \/>\nObwohl es durchaus diplomatische Bem\u00fchungen gibt, steuert die Welt derzeit wieder auf einen Krieg zu. Ein Krieg, der durchaus gr\u00f6\u00dfere Au\u00dfma\u00dfe erreichen k\u00f6nnte, wenn auf der einen Seite Dreib\u00fcrgen, Andro, vllt. auch Chinopien und die Nordmark stehen, und auf der anderen Seite Albernia, das Medianische Imperium, Glenverness, die Demokratische Union, Eldeyja und m\u00f6glicherweise auch Astor.<\/p>\n<p>Ein Problem, dass nach wie vor besteht ist, dass jede Nation der Ansicht ist einzig und allein legitim zu handeln und das die Interessen anderer Nationen minderer Art sind. Dieser weltweite Nationalismus ist Gift f\u00fcr die V\u00f6lkerverst\u00e4ndigung und alle bisher unternommenen Versuche den Weltfrieden zu erm\u00f6glichen.<\/p>\n","protected":false},"excerpt":{"rendered":"<p>Koskow\/Mediana &#8211; Das die Beziehungen zwischen dem Medianischen Imperium und Andro noch nie besonders gut waren, ist keine Neuigkeit. Bislang waren die Beziehungen aber auch einer eher indirekten und nur geringf\u00fcgig bemerkbaren Art. Doch seit nun einem Monat, als die Gem\u00fcter durch androische Anspr\u00fcche an den Pol erhitzt wurden, scheint sich das Imperium auf Andro [&hellip;]<\/p>\n","protected":false},"author":123,"featured_media":0,"comment_status":"open","ping_status":"closed","sticky":false,"template":"","format":"standard","meta":{"_crdt_document":"","footnotes":""},"categories":[1,42,30,422,604],"tags":[],"class_list":["post-6033","post","type-post","status-publish","format-standard","hentry","category-international","category-andro","category-demokratische-union","category-glenverness","category-medianisches-imperium"],"_links":{"self":[{"href":"https:\/\/www.mn-nachrichten.de\/index.php?rest_route=\/wp\/v2\/posts\/6033","targetHints":{"allow":["GET"]}}],"collection":[{"href":"https:\/\/www.mn-nachrichten.de\/index.php?rest_route=\/wp\/v2\/posts"}],"about":[{"href":"https:\/\/www.mn-nachrichten.de\/index.php?rest_route=\/wp\/v2\/types\/post"}],"author":[{"embeddable":true,"href":"https:\/\/www.mn-nachrichten.de\/index.php?rest_route=\/wp\/v2\/users\/123"}],"replies":[{"embeddable":true,"href":"https:\/\/www.mn-nachrichten.de\/index.php?rest_route=%2Fwp%2Fv2%2Fcomments&post=6033"}],"version-history":[{"count":1,"href":"https:\/\/www.mn-nachrichten.de\/index.php?rest_route=\/wp\/v2\/posts\/6033\/revisions"}],"predecessor-version":[{"id":6034,"href":"https:\/\/www.mn-nachrichten.de\/index.php?rest_route=\/wp\/v2\/posts\/6033\/revisions\/6034"}],"wp:attachment":[{"href":"https:\/\/www.mn-nachrichten.de\/index.php?rest_route=%2Fwp%2Fv2%2Fmedia&parent=6033"}],"wp:term":[{"taxonomy":"category","embeddable":true,"href":"https:\/\/www.mn-nachrichten.de\/index.php?rest_route=%2Fwp%2Fv2%2Fcategories&post=6033"},{"taxonomy":"post_tag","embeddable":true,"href":"https:\/\/www.mn-nachrichten.de\/index.php?rest_route=%2Fwp%2Fv2%2Ftags&post=6033"}],"curies":[{"name":"wp","href":"https:\/\/api.w.org\/{rel}","templated":true}]}}