{"id":603,"date":"2007-12-24T16:35:19","date_gmt":"2007-12-24T15:35:19","guid":{"rendered":"http:\/\/www.mn-nachrichten.de\/?p=603"},"modified":"2007-12-28T17:36:59","modified_gmt":"2007-12-28T16:36:59","slug":"tehuri-neue-regierung-ernannt","status":"publish","type":"post","link":"https:\/\/www.mn-nachrichten.de\/?p=603","title":{"rendered":"[Tehuri] Neue Regierung ernannt"},"content":{"rendered":"<p>Tehuri. Nach dem Wahlen, bei denen die VVP als Wahlsieger vergangene Woche hervorging, ernannt der junge Monarch des K\u00f6nigreichs die neue Regierung. Alt-Staatskanzler Felix G. Kaden wurde damit ehrenhaft aus dem Dienste entlassen. Neuer Staatskanzler und Staatssekret\u00e4r f\u00fcr \u00c4u\u00dferes ist und Carl von Wattenberg.<\/p>\n","protected":false},"excerpt":{"rendered":"<p>Tehuri. Nach dem Wahlen, bei denen die VVP als Wahlsieger vergangene Woche hervorging, ernannt der junge Monarch des K\u00f6nigreichs die neue Regierung. Alt-Staatskanzler Felix G. Kaden wurde damit ehrenhaft aus dem Dienste entlassen. Neuer Staatskanzler und Staatssekret\u00e4r f\u00fcr \u00c4u\u00dferes ist und Carl von Wattenberg.<\/p>\n","protected":false},"author":148,"featured_media":0,"comment_status":"open","ping_status":"closed","sticky":false,"template":"","format":"standard","meta":{"_crdt_document":"","footnotes":""},"categories":[86],"tags":[],"class_list":["post-603","post","type-post","status-publish","format-standard","hentry","category-untergegangen"],"_links":{"self":[{"href":"https:\/\/www.mn-nachrichten.de\/index.php?rest_route=\/wp\/v2\/posts\/603","targetHints":{"allow":["GET"]}}],"collection":[{"href":"https:\/\/www.mn-nachrichten.de\/index.php?rest_route=\/wp\/v2\/posts"}],"about":[{"href":"https:\/\/www.mn-nachrichten.de\/index.php?rest_route=\/wp\/v2\/types\/post"}],"author":[{"embeddable":true,"href":"https:\/\/www.mn-nachrichten.de\/index.php?rest_route=\/wp\/v2\/users\/148"}],"replies":[{"embeddable":true,"href":"https:\/\/www.mn-nachrichten.de\/index.php?rest_route=%2Fwp%2Fv2%2Fcomments&post=603"}],"version-history":[{"count":0,"href":"https:\/\/www.mn-nachrichten.de\/index.php?rest_route=\/wp\/v2\/posts\/603\/revisions"}],"wp:attachment":[{"href":"https:\/\/www.mn-nachrichten.de\/index.php?rest_route=%2Fwp%2Fv2%2Fmedia&parent=603"}],"wp:term":[{"taxonomy":"category","embeddable":true,"href":"https:\/\/www.mn-nachrichten.de\/index.php?rest_route=%2Fwp%2Fv2%2Fcategories&post=603"},{"taxonomy":"post_tag","embeddable":true,"href":"https:\/\/www.mn-nachrichten.de\/index.php?rest_route=%2Fwp%2Fv2%2Ftags&post=603"}],"curies":[{"name":"wp","href":"https:\/\/api.w.org\/{rel}","templated":true}]}}