{"id":597,"date":"2007-12-23T18:33:22","date_gmt":"2007-12-23T17:33:22","guid":{"rendered":"http:\/\/www.mn-nachrichten.de\/?p=597"},"modified":"2007-12-28T17:37:40","modified_gmt":"2007-12-28T16:37:40","slug":"andro-premierminister-tritt-zuruck","status":"publish","type":"post","link":"https:\/\/www.mn-nachrichten.de\/?p=597","title":{"rendered":"[Andro] Premierminister tritt zur\u00fcck"},"content":{"rendered":"<p>Der Premierminister Pawel Axelrod trat heute Abend zur\u00fcck. Er begr\u00fcndete diesen Schritt mit privaten aber auch politischen Gr\u00fcnden.<br \/>\nSo hat es wohl schon seit l\u00e4ngerem in der Regierung starken Streit \u00fcber die Au\u00dfenpolitik Andros gegeben.<br \/>\nW\u00e4hrend Axelrod ein starkes und unabh\u00e4ngiges Andro will, sind die anderen Minister eher darauf aus, au\u00dfenpolitisch diplomatisch aufzutreten. Auch bef\u00fchrworten sie eine kleinere Armee, bzw. eine nicht so starke Aufr\u00fcstung.<\/p>\n<p>Der Premier \u00fcberlies seinem Vize, Lev Gourowitsch das Amt mit den Worten &#8222;Ich ziehe damit die Konsequenz, dass man lieber ein kleines, schwaches und feiges Andro will, dass sich dem Willen der Gro\u00dfm\u00e4chte beugt, als ein souver\u00e4nes und unabh\u00e4ngiges Andro.<\/p>\n<p>Ruinieren sie nur, was wir aufgebaut haben und werden sie zur Marionette der anderen!&#8220;<\/p>\n","protected":false},"excerpt":{"rendered":"<p>Der Premierminister Pawel Axelrod trat heute Abend zur\u00fcck. Er begr\u00fcndete diesen Schritt mit privaten aber auch politischen Gr\u00fcnden. So hat es wohl schon seit l\u00e4ngerem in der Regierung starken Streit \u00fcber die Au\u00dfenpolitik Andros gegeben. W\u00e4hrend Axelrod ein starkes und unabh\u00e4ngiges Andro will, sind die anderen Minister eher darauf aus, au\u00dfenpolitisch diplomatisch aufzutreten. Auch bef\u00fchrworten [&hellip;]<\/p>\n","protected":false},"author":123,"featured_media":0,"comment_status":"open","ping_status":"closed","sticky":false,"template":"","format":"standard","meta":{"_crdt_document":"","footnotes":""},"categories":[42],"tags":[],"class_list":["post-597","post","type-post","status-publish","format-standard","hentry","category-andro"],"_links":{"self":[{"href":"https:\/\/www.mn-nachrichten.de\/index.php?rest_route=\/wp\/v2\/posts\/597","targetHints":{"allow":["GET"]}}],"collection":[{"href":"https:\/\/www.mn-nachrichten.de\/index.php?rest_route=\/wp\/v2\/posts"}],"about":[{"href":"https:\/\/www.mn-nachrichten.de\/index.php?rest_route=\/wp\/v2\/types\/post"}],"author":[{"embeddable":true,"href":"https:\/\/www.mn-nachrichten.de\/index.php?rest_route=\/wp\/v2\/users\/123"}],"replies":[{"embeddable":true,"href":"https:\/\/www.mn-nachrichten.de\/index.php?rest_route=%2Fwp%2Fv2%2Fcomments&post=597"}],"version-history":[{"count":0,"href":"https:\/\/www.mn-nachrichten.de\/index.php?rest_route=\/wp\/v2\/posts\/597\/revisions"}],"wp:attachment":[{"href":"https:\/\/www.mn-nachrichten.de\/index.php?rest_route=%2Fwp%2Fv2%2Fmedia&parent=597"}],"wp:term":[{"taxonomy":"category","embeddable":true,"href":"https:\/\/www.mn-nachrichten.de\/index.php?rest_route=%2Fwp%2Fv2%2Fcategories&post=597"},{"taxonomy":"post_tag","embeddable":true,"href":"https:\/\/www.mn-nachrichten.de\/index.php?rest_route=%2Fwp%2Fv2%2Ftags&post=597"}],"curies":[{"name":"wp","href":"https:\/\/api.w.org\/{rel}","templated":true}]}}