{"id":577,"date":"2007-12-10T00:02:31","date_gmt":"2007-12-09T23:02:31","guid":{"rendered":"http:\/\/www.mn-nachrichten.de\/?p=577"},"modified":"2025-03-21T01:21:21","modified_gmt":"2025-03-21T00:21:21","slug":"n%c3%b8resund-hellb%c3%b8rg-neuer-ministerprasident-in-n%c3%b8resund","status":"publish","type":"post","link":"https:\/\/www.mn-nachrichten.de\/?p=577","title":{"rendered":"[N\u00f8resund] Hellb\u00f8rg neuer Ministerpr\u00e4sident in N\u00f8resund"},"content":{"rendered":"<p>[N\u00f8resund \u2013 10.12.2007] Nach dem die Wahlen, mit bislang ungekl\u00e4rter Versp\u00e4tung begonnen hatten, steht seit gestern der neue Ministerpr\u00e4sident des Vereinigten K\u00f6nigreichs fest. Zur Wahl angetreten waren lediglich zwei Kandidaten; Christopher K\u00e6ne und Thor Hellb\u00f8rg. Letzterer setzte sich mit 93,75% der abgegebenen Stimmen souver\u00e4n durch und kann sich einer breiten Zustimmung in der Bev\u00f6lkerung sicher sein. F\u00fcr Beobachter der Wahl, welche eine Beteiligung von 60,71% erreichte, kam das Ergebnis nicht sehr \u00fcberraschend. Hellb\u00f8rg hatte unter der umstrittenen Ministerpr\u00e4sidenten Alva Amalia Ikea den Posten des Au\u00dfenministers bekleidet und in diesem Amt, in welchem er unter Anderem die schwierigen Nachgespr\u00e4che mit Arcor nach dem vExpo-Eklat gef\u00fchrt hatte, politische Erfahrungen in der Regierungsarbeit sammeln k\u00f6nnen. Sein Kontrahent hatte v\u00f6llig \u00fcberraschend f\u00fcr das Amt kandidiert und war f\u00fcr die meisten Fachleute ein eher unbeschriebenes Blatt. Im Ausland, besonders in Arcor, d\u00fcrfte die Wahl positiv aufgenommen werden. Verspricht Hellb\u00f8rg doch einen ausgewogeneren und sachlicheren Regierungsstil einzuleiten, als die vorangegangene Regierung ihn an den Tag gelegt hatte. Hellb\u00f8g war mit den Schwerpunkten Au\u00dfen- und Innenpolitik in den Wahlkampf gegangen und sprach sich unter anderem f\u00fcr eine Verbesserung der Beziehungen zu Nachbarn und befreundeten Staaten aus. Auch wolle er verst\u00e4rkt an internationalen Konferenzen Teilnehmen oder diese organisieren. Innenpolitisch sprach er sich gegen einen \u00dcberwachungsstaat aus und bef\u00fcrwortet die weitere Umstellung der Energieerzeugung auf regenerative Quellen. Auch eine Modernisierung der Streitkr\u00e4fte ist Teil seines Wahlprogramms gewesen. Nun wird sich der frisch gebackene Ministerpr\u00e4sident beweisen m\u00fcssen, ob es ihm m\u00f6glich ist, diese ehrgeizigen Ziele umzusetzen.<\/p>\n<p>Quelle: <a href=\"http:\/\/thearcorian.blogspot.com\/2007_12_10_archive.html\">The Arcorian<\/a><\/p>\n","protected":false},"excerpt":{"rendered":"<p>[N\u00f8resund \u2013 10.12.2007] Nach dem die Wahlen, mit bislang ungekl\u00e4rter Versp\u00e4tung begonnen hatten, steht seit gestern der neue Ministerpr\u00e4sident des Vereinigten K\u00f6nigreichs fest. Zur Wahl angetreten waren lediglich zwei Kandidaten; Christopher K\u00e6ne und Thor Hellb\u00f8rg. Letzterer setzte sich mit 93,75% der abgegebenen Stimmen souver\u00e4n durch und kann sich einer breiten Zustimmung in der Bev\u00f6lkerung sicher [&hellip;]<\/p>\n","protected":false},"author":139,"featured_media":0,"comment_status":"open","ping_status":"closed","sticky":false,"template":"","format":"standard","meta":{"_crdt_document":"","footnotes":""},"categories":[992],"tags":[],"class_list":["post-577","post","type-post","status-publish","format-standard","hentry","category-vormals_noeresund"],"_links":{"self":[{"href":"https:\/\/www.mn-nachrichten.de\/index.php?rest_route=\/wp\/v2\/posts\/577","targetHints":{"allow":["GET"]}}],"collection":[{"href":"https:\/\/www.mn-nachrichten.de\/index.php?rest_route=\/wp\/v2\/posts"}],"about":[{"href":"https:\/\/www.mn-nachrichten.de\/index.php?rest_route=\/wp\/v2\/types\/post"}],"author":[{"embeddable":true,"href":"https:\/\/www.mn-nachrichten.de\/index.php?rest_route=\/wp\/v2\/users\/139"}],"replies":[{"embeddable":true,"href":"https:\/\/www.mn-nachrichten.de\/index.php?rest_route=%2Fwp%2Fv2%2Fcomments&post=577"}],"version-history":[{"count":1,"href":"https:\/\/www.mn-nachrichten.de\/index.php?rest_route=\/wp\/v2\/posts\/577\/revisions"}],"predecessor-version":[{"id":10464,"href":"https:\/\/www.mn-nachrichten.de\/index.php?rest_route=\/wp\/v2\/posts\/577\/revisions\/10464"}],"wp:attachment":[{"href":"https:\/\/www.mn-nachrichten.de\/index.php?rest_route=%2Fwp%2Fv2%2Fmedia&parent=577"}],"wp:term":[{"taxonomy":"category","embeddable":true,"href":"https:\/\/www.mn-nachrichten.de\/index.php?rest_route=%2Fwp%2Fv2%2Fcategories&post=577"},{"taxonomy":"post_tag","embeddable":true,"href":"https:\/\/www.mn-nachrichten.de\/index.php?rest_route=%2Fwp%2Fv2%2Ftags&post=577"}],"curies":[{"name":"wp","href":"https:\/\/api.w.org\/{rel}","templated":true}]}}