{"id":566,"date":"2007-12-05T16:52:57","date_gmt":"2007-12-05T15:52:57","guid":{"rendered":"http:\/\/www.mn-nachrichten.de\/?p=566"},"modified":"2007-12-05T17:46:50","modified_gmt":"2007-12-05T16:46:50","slug":"naht-das-ende-des-burgerkriegs","status":"publish","type":"post","link":"https:\/\/www.mn-nachrichten.de\/?p=566","title":{"rendered":"[Ladinien] Naht das Ende des B\u00fcrgerkriegs?"},"content":{"rendered":"<p><strong>Alba Longa\/Ladinien<\/strong>: Die Hauptstadt der Provinz Thivara konnte durch die Streitkr\u00e4fte unter dem Kommando des Legaten Aulus Falvius Dentatus wieder unter die rechtm\u00e4ssige Verwaltung der Res Publica gestellt werden. Somit ist der Zweifrontenkrieg beendet die noch umk\u00e4mpfte Provinz Gallia Occidentalis wird daher wohl zum entscheidenden Schauplatz im Verlauf dieses Krieges.<br \/>\nDieser k\u00f6nnte sogar schneller beendet sein als gedacht. Bei der R\u00fcckeroberung Thivaras ist der westladinische Imperator Romulus II ums Leben gekommen. Ob die Macht\u00fcbernahme durch seinen Adoptivsohn Terentius Ahennobarbus Pertinax die Moral der imperialen Truppen aufrecht erhalten kann, bleibt abzuwarten.<br \/>\nInnenpolitisch kam es bei der letzten Sondersitzung zur R\u00fcckkehr des Senator Lucius Aurelius Commodus aus der Gefangenschaft im Westreich zu einem Eklat, als die anwesende Legatin der Truppen in Gallia Occidentalis, Lucilla Laevinia Valeria, nach einem Streit mit dem Consul Marcus Flavius Celtillus wegen ihrem Fernbleiben von der Legion in der belagerten Provinzhaupstadt Aventicum zum Tribun degradiert wurde. Darauf hin erkl\u00e4rte sie ihren Austritt aus der Legion, da sie sich weigere, unter dem Kommando von &#8222;Flavier-B\u00e4lgern&#8220; zu dienen.<br \/>\nTrotz dieser unz\u00e4hligen Ereignisse ruht die ladinische Au\u00dfenpolitik nicht. Dieser Tage weilt der Consul Marcus Flavius Celtillus in Gran Novara um der k\u00f6niglichen Einladung nachzugehen und einen Anerkennungsvertrag beider Staaten zu unterzeichnen.<\/p>\n<p>Quelle: <a href=\"http:\/\/www.alphaborg.de\/wbb2\/thread.php?threadid=881\">Acta Diurna<\/p>\n<p><\/a><\/p>\n","protected":false},"excerpt":{"rendered":"<p>Alba Longa\/Ladinien: Die Hauptstadt der Provinz Thivara konnte durch die Streitkr\u00e4fte unter dem Kommando des Legaten Aulus Falvius Dentatus wieder unter die rechtm\u00e4ssige Verwaltung der Res Publica gestellt werden. Somit ist der Zweifrontenkrieg beendet die noch umk\u00e4mpfte Provinz Gallia Occidentalis wird daher wohl zum entscheidenden Schauplatz im Verlauf dieses Krieges. Dieser k\u00f6nnte sogar schneller beendet [&hellip;]<\/p>\n","protected":false},"author":119,"featured_media":0,"comment_status":"open","ping_status":"closed","sticky":false,"template":"","format":"standard","meta":{"_crdt_document":"","footnotes":""},"categories":[89],"tags":[],"class_list":["post-566","post","type-post","status-publish","format-standard","hentry","category-gran-novara"],"_links":{"self":[{"href":"https:\/\/www.mn-nachrichten.de\/index.php?rest_route=\/wp\/v2\/posts\/566","targetHints":{"allow":["GET"]}}],"collection":[{"href":"https:\/\/www.mn-nachrichten.de\/index.php?rest_route=\/wp\/v2\/posts"}],"about":[{"href":"https:\/\/www.mn-nachrichten.de\/index.php?rest_route=\/wp\/v2\/types\/post"}],"author":[{"embeddable":true,"href":"https:\/\/www.mn-nachrichten.de\/index.php?rest_route=\/wp\/v2\/users\/119"}],"replies":[{"embeddable":true,"href":"https:\/\/www.mn-nachrichten.de\/index.php?rest_route=%2Fwp%2Fv2%2Fcomments&post=566"}],"version-history":[{"count":0,"href":"https:\/\/www.mn-nachrichten.de\/index.php?rest_route=\/wp\/v2\/posts\/566\/revisions"}],"wp:attachment":[{"href":"https:\/\/www.mn-nachrichten.de\/index.php?rest_route=%2Fwp%2Fv2%2Fmedia&parent=566"}],"wp:term":[{"taxonomy":"category","embeddable":true,"href":"https:\/\/www.mn-nachrichten.de\/index.php?rest_route=%2Fwp%2Fv2%2Fcategories&post=566"},{"taxonomy":"post_tag","embeddable":true,"href":"https:\/\/www.mn-nachrichten.de\/index.php?rest_route=%2Fwp%2Fv2%2Ftags&post=566"}],"curies":[{"name":"wp","href":"https:\/\/api.w.org\/{rel}","templated":true}]}}