{"id":5653,"date":"2013-03-30T23:27:47","date_gmt":"2013-03-30T22:27:47","guid":{"rendered":"http:\/\/www.mn-nachrichten.de\/?p=5653"},"modified":"2013-09-30T16:39:12","modified_gmt":"2013-09-30T15:39:12","slug":"albernia-regionalverwaltungen-fur-eihlann-fairnhain-und-llyngwyn-eingesetzt","status":"publish","type":"post","link":"https:\/\/www.mn-nachrichten.de\/?p=5653","title":{"rendered":"admin"},"content":{"rendered":"<p><strong>Aldenroth.<\/strong> Die sozialliberale Koalition in Albernia hat beschlossen, ein Signal f\u00fcr die Beteiligung der Regionen zu setzen und in allen nicht-winl\u00e4ndischen Teilen der albernischen Inseln Regionalverwaltungen einzusetzen. Prime Minister Sir Peter Paisley (LibDem) <a href=\"http:\/\/forum.albernia.org\/thread.php?postid=72879#post72879\" target=\"_blank\">schlug der K\u00f6nigin gestern offiziell vor<\/a>, Ciar\u00e1n \u00d3 Ceallaigh (LibDem) zum Taoiseach von Eihlann, Jeremy Grieve (Tory) zum Lord Lieutenant von Fairnhain und Nessie Dyce (Tory) zur Lord Lieutenant von Llyngwyn zu ernennen. Die Vereidigung aller drei Chefs der Regionalverwaltungen fand noch am selben Tag statt.<\/p>\n<p>In Albernia bestehen seit l\u00e4ngerer Zeit <a href=\"http:\/\/archives.albernia.org\/?goto=gesetze_view&amp;id=82\" target=\"_blank\">gesetzliche Regelungen<\/a> zur sogenannten Devolution, einer teilweisen Selbstverwaltung der albernischen Regionen. Unter fr\u00fcheren Regierungen war davon in einzelnen Regionen Gebrauch gemacht worden, allerdings konnte sich die Regionalverwaltung nirgends dauerhaft durchsetzen. Zuletzt waren wieder alle Regionen zentral durch das Home Office verwaltet.<\/p>\n","protected":false},"excerpt":{"rendered":"<p>Aldenroth. Die sozialliberale Koalition in Albernia hat beschlossen, ein Signal f\u00fcr die Beteiligung der Regionen zu setzen und in allen nicht-winl\u00e4ndischen Teilen der albernischen Inseln Regionalverwaltungen einzusetzen. Prime Minister Sir Peter Paisley (LibDem) schlug der K\u00f6nigin gestern offiziell vor, Ciar\u00e1n \u00d3 Ceallaigh (LibDem) zum Taoiseach von Eihlann, Jeremy Grieve (Tory) zum Lord Lieutenant von Fairnhain [&hellip;]<\/p>\n","protected":false},"author":165,"featured_media":0,"comment_status":"open","ping_status":"closed","sticky":false,"template":"","format":"standard","meta":{"_crdt_document":"","footnotes":""},"categories":[82],"tags":[652,581,587,584,585,588,478,467,586,582,471,468,580,583,579],"class_list":["post-5653","post","type-post","status-publish","format-standard","hentry","category-albernia","tag-albernia","tag-ciaran-o-ceallaigh","tag-devolution","tag-eihlann","tag-fairnhain","tag-home-office","tag-jeremy-grieve","tag-liberal-democrats","tag-lllyngwyn","tag-lord-lieutenant","tag-nessie-dyce","tag-peter-paisley","tag-prime-minister","tag-taoiseach","tag-tories"],"_links":{"self":[{"href":"https:\/\/www.mn-nachrichten.de\/index.php?rest_route=\/wp\/v2\/posts\/5653","targetHints":{"allow":["GET"]}}],"collection":[{"href":"https:\/\/www.mn-nachrichten.de\/index.php?rest_route=\/wp\/v2\/posts"}],"about":[{"href":"https:\/\/www.mn-nachrichten.de\/index.php?rest_route=\/wp\/v2\/types\/post"}],"author":[{"embeddable":true,"href":"https:\/\/www.mn-nachrichten.de\/index.php?rest_route=\/wp\/v2\/users\/165"}],"replies":[{"embeddable":true,"href":"https:\/\/www.mn-nachrichten.de\/index.php?rest_route=%2Fwp%2Fv2%2Fcomments&post=5653"}],"version-history":[{"count":3,"href":"https:\/\/www.mn-nachrichten.de\/index.php?rest_route=\/wp\/v2\/posts\/5653\/revisions"}],"predecessor-version":[{"id":5811,"href":"https:\/\/www.mn-nachrichten.de\/index.php?rest_route=\/wp\/v2\/posts\/5653\/revisions\/5811"}],"wp:attachment":[{"href":"https:\/\/www.mn-nachrichten.de\/index.php?rest_route=%2Fwp%2Fv2%2Fmedia&parent=5653"}],"wp:term":[{"taxonomy":"category","embeddable":true,"href":"https:\/\/www.mn-nachrichten.de\/index.php?rest_route=%2Fwp%2Fv2%2Fcategories&post=5653"},{"taxonomy":"post_tag","embeddable":true,"href":"https:\/\/www.mn-nachrichten.de\/index.php?rest_route=%2Fwp%2Fv2%2Ftags&post=5653"}],"curies":[{"name":"wp","href":"https:\/\/api.w.org\/{rel}","templated":true}]}}