{"id":562,"date":"2007-12-03T16:38:20","date_gmt":"2007-12-03T15:38:20","guid":{"rendered":"http:\/\/www.mn-nachrichten.de\/?p=562"},"modified":"2025-03-21T01:21:21","modified_gmt":"2025-03-21T00:21:21","slug":"wahler-standen-vor-verschlossenen-wahllokalen","status":"publish","type":"post","link":"https:\/\/www.mn-nachrichten.de\/?p=562","title":{"rendered":"[N\u00f8resund] W\u00e4hler standen vor verschlossenen Wahllokalen"},"content":{"rendered":"<p>[N\u00f8resund \u2013 03.12.2007] Eigentlich sollte im Vereinigten K\u00f6nigreich gestern der neue Ministerpr\u00e4sident gew\u00e4hlt werden. Allerdings standen die Wahlberechtigten vor verschlossenen T\u00fcren. Die Wahlleitung hatte es vers\u00e4umt die Wahl durchzuf\u00fchren, wie Beobachter feststellten. K\u00f6nig Georg I. von N\u00f8resund hatte in einer Bekanntmachung am 17.11. 2007 den Wahltermin f\u00fcr die Wahlen unter der Leitung von Frode Johannsen f\u00fcr den 02.12.2007 festgelegt, allerdings verstrich der Tag, ohne dass sich etwas r\u00fchrte.  Ob dies im Zusammenhang mit den Feierlichkeiten zum traditionellen Elchverehrungstag steht, der in N\u00f8resund an jedem 1. Dezember zelebriert wird, ist unklar. Fakt ist, dass eine anberaumte Wahl nicht durchgef\u00fchrt wurde. Wann diese nun stattfinden wird, bleibt offen.<\/p>\n<p>Quelle: <a href=\"http:\/\/thearcorian.blogspot.com\/2007_12_03_archive.html\">The Arcorian<\/a><\/p>\n","protected":false},"excerpt":{"rendered":"<p>[N\u00f8resund \u2013 03.12.2007] Eigentlich sollte im Vereinigten K\u00f6nigreich gestern der neue Ministerpr\u00e4sident gew\u00e4hlt werden. Allerdings standen die Wahlberechtigten vor verschlossenen T\u00fcren. Die Wahlleitung hatte es vers\u00e4umt die Wahl durchzuf\u00fchren, wie Beobachter feststellten. K\u00f6nig Georg I. von N\u00f8resund hatte in einer Bekanntmachung am 17.11. 2007 den Wahltermin f\u00fcr die Wahlen unter der Leitung von Frode Johannsen [&hellip;]<\/p>\n","protected":false},"author":139,"featured_media":0,"comment_status":"open","ping_status":"closed","sticky":false,"template":"","format":"standard","meta":{"_crdt_document":"","footnotes":""},"categories":[992],"tags":[],"class_list":["post-562","post","type-post","status-publish","format-standard","hentry","category-vormals_noeresund"],"_links":{"self":[{"href":"https:\/\/www.mn-nachrichten.de\/index.php?rest_route=\/wp\/v2\/posts\/562","targetHints":{"allow":["GET"]}}],"collection":[{"href":"https:\/\/www.mn-nachrichten.de\/index.php?rest_route=\/wp\/v2\/posts"}],"about":[{"href":"https:\/\/www.mn-nachrichten.de\/index.php?rest_route=\/wp\/v2\/types\/post"}],"author":[{"embeddable":true,"href":"https:\/\/www.mn-nachrichten.de\/index.php?rest_route=\/wp\/v2\/users\/139"}],"replies":[{"embeddable":true,"href":"https:\/\/www.mn-nachrichten.de\/index.php?rest_route=%2Fwp%2Fv2%2Fcomments&post=562"}],"version-history":[{"count":1,"href":"https:\/\/www.mn-nachrichten.de\/index.php?rest_route=\/wp\/v2\/posts\/562\/revisions"}],"predecessor-version":[{"id":10465,"href":"https:\/\/www.mn-nachrichten.de\/index.php?rest_route=\/wp\/v2\/posts\/562\/revisions\/10465"}],"wp:attachment":[{"href":"https:\/\/www.mn-nachrichten.de\/index.php?rest_route=%2Fwp%2Fv2%2Fmedia&parent=562"}],"wp:term":[{"taxonomy":"category","embeddable":true,"href":"https:\/\/www.mn-nachrichten.de\/index.php?rest_route=%2Fwp%2Fv2%2Fcategories&post=562"},{"taxonomy":"post_tag","embeddable":true,"href":"https:\/\/www.mn-nachrichten.de\/index.php?rest_route=%2Fwp%2Fv2%2Ftags&post=562"}],"curies":[{"name":"wp","href":"https:\/\/api.w.org\/{rel}","templated":true}]}}