{"id":5558,"date":"2013-03-01T13:17:32","date_gmt":"2013-03-01T11:17:32","guid":{"rendered":"http:\/\/www.mn-nachrichten.de\/?p=5558"},"modified":"2013-03-01T13:17:32","modified_gmt":"2013-03-01T11:17:32","slug":"todesstrafe-in-severanien","status":"publish","type":"post","link":"https:\/\/www.mn-nachrichten.de\/?p=5558","title":{"rendered":"Todesstrafe in Severanien"},"content":{"rendered":"<p><a href=\"http:\/\/www.mn-nachrichten.de\/wp-content\/2013\/03\/sev2.png\"><img loading=\"lazy\" decoding=\"async\" src=\"http:\/\/www.mn-nachrichten.de\/wp-content\/2013\/03\/sev2.png\" alt=\"sev2\" width=\"324\" height=\"187\" class=\"alignright size-full wp-image-5559\" srcset=\"https:\/\/www.mn-nachrichten.de\/wp-content\/2013\/03\/sev2.png 324w, https:\/\/www.mn-nachrichten.de\/wp-content\/2013\/03\/sev2-300x173.png 300w\" sizes=\"auto, (max-width: 324px) 100vw, 324px\" \/><\/a><br \/>\n<strong>In Severanien gibt es keine Todesstrafe. Doch Pr\u00e4sident Bojidar Ivankovic spricht jetzt in einer Rede davon, dass die Strafe \u201cwenn es denn sein muss, wiedereingef\u00fchrt wird\u201d.<\/strong><\/p>\n<p>Der severanische Pr\u00e4sident hat im Namen seiner Regierung die \u00c4nderung des Strafgesetzbuchs im Bundesrat in Vinasy beantragt, wie severanische Medien berichten. Die \u00c4nderung sieht eine Erweiterung des Gesetzbuchs um die Todesstrafe vor, die gegen Personen ausgesprochen werden kann, die besonders schwere Verbrechen begangen haben. Sie w\u00e4re mit der dauernden Aberkennung aller staatsb\u00fcrgerlichen Rechte verbunden und w\u00fcrde durch Erschie\u00dfen vollstreckt.<\/p>\n<p>Ivankovic sagte, dass er nicht verstehe, \u201cwie jemand der offenkundig seinem eigenen Land, seinen Mitb\u00fcrgern schadet, nach Jahren wieder freigelassen wird. Die Antwort, die ich darauf bekommen habe, ist diese: Nein, er kommt nicht raus. Nach Jahren wird man etwas finden und man wird sichergehen, dass er drin bleibt. Wie kann ich das glauben? Das m\u00fcssen wir l\u00f6sen.\u201d<\/p>\n<p>Die Todesstrafe habe einen berechtigten Grund. \u201cWenn ein Mensch, der seinem Land, seinen Mitb\u00fcrgern, seiner Heimat mutwillig gro\u00dfen Schaden zugef\u00fcgt hat, frei herumlaufen kann, glaube ich nicht, dass das Gewissen und das Herz seiner Landsleute beruhigt sind. Wir m\u00fcssen uns selbst \u00fcberpr\u00fcfen und uns selbst auf die Waage der Gerechtigkeit legen. Wir m\u00fcssen das tun, damit wir Frieden und Sicherheit finden k\u00f6nnen.\u201d<\/p>\n<p>Dies war nicht die erste \u00c4u\u00dferung Ivankovics zur Verteidigung der Todesstrafe. Im vergangenen Jahr hatte er auf dem Parteitag seiner Partei Jedinstvo gesagt, dass man gegen Verr\u00e4ter wie Vsol Vsolic die volle H\u00e4rte des Gesetzes fahren m\u00fcsse. Diese Aussage machte er im Zusammenhang mit der Suche nach dem ehemaligen Pr\u00e4sidenten Kaysterans, der 2012 den Austritt seiner Teilrepublik aus dem severanischen Bund und den Anschluss an die Demokratische Union herbeif\u00fchren wollte.<\/p>\n","protected":false},"excerpt":{"rendered":"<p>In Severanien gibt es keine Todesstrafe. Doch Pr\u00e4sident Bojidar Ivankovic spricht jetzt in einer Rede davon, dass die Strafe \u201cwenn es denn sein muss, wiedereingef\u00fchrt wird\u201d. Der severanische Pr\u00e4sident hat im Namen seiner Regierung die \u00c4nderung des Strafgesetzbuchs im Bundesrat in Vinasy beantragt, wie severanische Medien berichten. Die \u00c4nderung sieht eine Erweiterung des Gesetzbuchs um [&hellip;]<\/p>\n","protected":false},"author":1674,"featured_media":0,"comment_status":"open","ping_status":"closed","sticky":false,"template":"","format":"standard","meta":{"_crdt_document":"","footnotes":""},"categories":[30,88],"tags":[],"class_list":["post-5558","post","type-post","status-publish","format-standard","hentry","category-demokratische-union","category-severanien"],"_links":{"self":[{"href":"https:\/\/www.mn-nachrichten.de\/index.php?rest_route=\/wp\/v2\/posts\/5558","targetHints":{"allow":["GET"]}}],"collection":[{"href":"https:\/\/www.mn-nachrichten.de\/index.php?rest_route=\/wp\/v2\/posts"}],"about":[{"href":"https:\/\/www.mn-nachrichten.de\/index.php?rest_route=\/wp\/v2\/types\/post"}],"author":[{"embeddable":true,"href":"https:\/\/www.mn-nachrichten.de\/index.php?rest_route=\/wp\/v2\/users\/1674"}],"replies":[{"embeddable":true,"href":"https:\/\/www.mn-nachrichten.de\/index.php?rest_route=%2Fwp%2Fv2%2Fcomments&post=5558"}],"version-history":[{"count":2,"href":"https:\/\/www.mn-nachrichten.de\/index.php?rest_route=\/wp\/v2\/posts\/5558\/revisions"}],"predecessor-version":[{"id":5561,"href":"https:\/\/www.mn-nachrichten.de\/index.php?rest_route=\/wp\/v2\/posts\/5558\/revisions\/5561"}],"wp:attachment":[{"href":"https:\/\/www.mn-nachrichten.de\/index.php?rest_route=%2Fwp%2Fv2%2Fmedia&parent=5558"}],"wp:term":[{"taxonomy":"category","embeddable":true,"href":"https:\/\/www.mn-nachrichten.de\/index.php?rest_route=%2Fwp%2Fv2%2Fcategories&post=5558"},{"taxonomy":"post_tag","embeddable":true,"href":"https:\/\/www.mn-nachrichten.de\/index.php?rest_route=%2Fwp%2Fv2%2Ftags&post=5558"}],"curies":[{"name":"wp","href":"https:\/\/api.w.org\/{rel}","templated":true}]}}