{"id":551,"date":"2007-11-29T22:49:15","date_gmt":"2007-11-29T21:49:15","guid":{"rendered":"http:\/\/www.mn-nachrichten.de\/?p=551"},"modified":"2007-11-29T22:50:38","modified_gmt":"2007-11-29T21:50:38","slug":"sabisko-hebt-flugverbot-fur-fuchsen-auf","status":"publish","type":"post","link":"https:\/\/www.mn-nachrichten.de\/?p=551","title":{"rendered":"Sabisko hebt Flugverbot f\u00fcr Fuchsen auf"},"content":{"rendered":"<p><strong>Sabisko<\/strong> &#8211; Soeben hat die Verkehrsministerin der Minischen Republik Sabisko, Mensi Br\u00fcnner (LLP), bekannt gegeben, dass das Flugverbot von fuchsischen Maschinen in Sabisko aufgehoben wurde. Das Verkehrsministerium hatte Anfang November nach einem pl\u00f6tzlichen und zun\u00e4chst unklaren Landeverbot f\u00fcr Sabiskoflug in Klapsm\u00fchltal gem\u00e4\u00df dem Luftraumsicherheitsgesetz ein Start- und Landeverbot f\u00fcr alle Maschinen aus Fuchsen erlassen. Nach langwierigen Verhandlungen, die von fuchsischer Seite immer wieder aufgeschoben wurden, konnte heute ein Durchbruch erzielt werden. Beide Staaten hoben die Flugverbote auf, und der planm\u00e4\u00dfige Linienverkehr kann wieder aufgenommen werden.<\/p>\n","protected":false},"excerpt":{"rendered":"<p>Sabisko &#8211; Soeben hat die Verkehrsministerin der Minischen Republik Sabisko, Mensi Br\u00fcnner (LLP), bekannt gegeben, dass das Flugverbot von fuchsischen Maschinen in Sabisko aufgehoben wurde. Das Verkehrsministerium hatte Anfang November nach einem pl\u00f6tzlichen und zun\u00e4chst unklaren Landeverbot f\u00fcr Sabiskoflug in Klapsm\u00fchltal gem\u00e4\u00df dem Luftraumsicherheitsgesetz ein Start- und Landeverbot f\u00fcr alle Maschinen aus Fuchsen erlassen. Nach [&hellip;]<\/p>\n","protected":false},"author":113,"featured_media":0,"comment_status":"open","ping_status":"closed","sticky":false,"template":"","format":"standard","meta":{"_crdt_document":"","footnotes":""},"categories":[11],"tags":[],"class_list":["post-551","post","type-post","status-publish","format-standard","hentry","category-fuchsen"],"_links":{"self":[{"href":"https:\/\/www.mn-nachrichten.de\/index.php?rest_route=\/wp\/v2\/posts\/551","targetHints":{"allow":["GET"]}}],"collection":[{"href":"https:\/\/www.mn-nachrichten.de\/index.php?rest_route=\/wp\/v2\/posts"}],"about":[{"href":"https:\/\/www.mn-nachrichten.de\/index.php?rest_route=\/wp\/v2\/types\/post"}],"author":[{"embeddable":true,"href":"https:\/\/www.mn-nachrichten.de\/index.php?rest_route=\/wp\/v2\/users\/113"}],"replies":[{"embeddable":true,"href":"https:\/\/www.mn-nachrichten.de\/index.php?rest_route=%2Fwp%2Fv2%2Fcomments&post=551"}],"version-history":[{"count":0,"href":"https:\/\/www.mn-nachrichten.de\/index.php?rest_route=\/wp\/v2\/posts\/551\/revisions"}],"wp:attachment":[{"href":"https:\/\/www.mn-nachrichten.de\/index.php?rest_route=%2Fwp%2Fv2%2Fmedia&parent=551"}],"wp:term":[{"taxonomy":"category","embeddable":true,"href":"https:\/\/www.mn-nachrichten.de\/index.php?rest_route=%2Fwp%2Fv2%2Fcategories&post=551"},{"taxonomy":"post_tag","embeddable":true,"href":"https:\/\/www.mn-nachrichten.de\/index.php?rest_route=%2Fwp%2Fv2%2Ftags&post=551"}],"curies":[{"name":"wp","href":"https:\/\/api.w.org\/{rel}","templated":true}]}}