{"id":544,"date":"2007-11-26T18:38:22","date_gmt":"2007-11-26T17:38:22","guid":{"rendered":"http:\/\/www.mn-nachrichten.de\/?p=544"},"modified":"2007-11-27T09:17:57","modified_gmt":"2007-11-27T08:17:57","slug":"1-radcross-wm-2007-startet","status":"publish","type":"post","link":"https:\/\/www.mn-nachrichten.de\/?p=544","title":{"rendered":"1. Radcross-WM 2007 startet"},"content":{"rendered":"<p>Verehrte Sportfreunde,<\/p>\n<p>es ist soweit: Mitte Dezember findet die 1. Radcross-WM statt. Der Intermikronationale Radverband (IMRAD) freut sich sehr, neben dem Rad-Weltcup nun eine zweite Veranstaltung abhalten zu k\u00f6nnen. <\/p>\n<p>Die Radcross-WM findet im Gro\u00dfherzogtum Arcor statt. Ab sofort k\u00f6nnen sich alle B\u00fcrger einer Micronation f\u00fcr die Einzelrennen anmelden. Auch ein Mannschaftsrennen mit Nationalteams wird stattfinden.<\/p>\n<p>Nicht\u2019s wie hin zur Anmeldung:   <a href=\"http:\/\/www.radcross-wm.de.ms\">www.radcross-wm.de.ms<\/a><\/p>\n<p>Mit freundlichen Gr\u00fc\u00dfen<\/p>\n<p>Arthur Spooner von Moncao<br \/>\nVorsitzender der <a href=\"http:\/\/www.imrad.de.ms\">IMRAD e. V.<\/a><\/p>\n","protected":false},"excerpt":{"rendered":"<p>Verehrte Sportfreunde, es ist soweit: Mitte Dezember findet die 1. Radcross-WM statt. Der Intermikronationale Radverband (IMRAD) freut sich sehr, neben dem Rad-Weltcup nun eine zweite Veranstaltung abhalten zu k\u00f6nnen. Die Radcross-WM findet im Gro\u00dfherzogtum Arcor statt. Ab sofort k\u00f6nnen sich alle B\u00fcrger einer Micronation f\u00fcr die Einzelrennen anmelden. Auch ein Mannschaftsrennen mit Nationalteams wird stattfinden. [&hellip;]<\/p>\n","protected":false},"author":122,"featured_media":0,"comment_status":"open","ping_status":"closed","sticky":false,"template":"","format":"standard","meta":{"_crdt_document":"","footnotes":""},"categories":[1,4],"tags":[],"class_list":["post-544","post","type-post","status-publish","format-standard","hentry","category-international","category-sport"],"_links":{"self":[{"href":"https:\/\/www.mn-nachrichten.de\/index.php?rest_route=\/wp\/v2\/posts\/544","targetHints":{"allow":["GET"]}}],"collection":[{"href":"https:\/\/www.mn-nachrichten.de\/index.php?rest_route=\/wp\/v2\/posts"}],"about":[{"href":"https:\/\/www.mn-nachrichten.de\/index.php?rest_route=\/wp\/v2\/types\/post"}],"author":[{"embeddable":true,"href":"https:\/\/www.mn-nachrichten.de\/index.php?rest_route=\/wp\/v2\/users\/122"}],"replies":[{"embeddable":true,"href":"https:\/\/www.mn-nachrichten.de\/index.php?rest_route=%2Fwp%2Fv2%2Fcomments&post=544"}],"version-history":[{"count":0,"href":"https:\/\/www.mn-nachrichten.de\/index.php?rest_route=\/wp\/v2\/posts\/544\/revisions"}],"wp:attachment":[{"href":"https:\/\/www.mn-nachrichten.de\/index.php?rest_route=%2Fwp%2Fv2%2Fmedia&parent=544"}],"wp:term":[{"taxonomy":"category","embeddable":true,"href":"https:\/\/www.mn-nachrichten.de\/index.php?rest_route=%2Fwp%2Fv2%2Fcategories&post=544"},{"taxonomy":"post_tag","embeddable":true,"href":"https:\/\/www.mn-nachrichten.de\/index.php?rest_route=%2Fwp%2Fv2%2Ftags&post=544"}],"curies":[{"name":"wp","href":"https:\/\/api.w.org\/{rel}","templated":true}]}}