{"id":5105,"date":"2012-10-15T21:58:51","date_gmt":"2012-10-15T19:58:51","guid":{"rendered":"http:\/\/www.mn-nachrichten.de\/?p=5105"},"modified":"2012-12-19T21:36:18","modified_gmt":"2012-12-19T19:36:18","slug":"gewaltsame-ausschreitungen-in-fuchsen","status":"publish","type":"post","link":"https:\/\/www.mn-nachrichten.de\/?p=5105","title":{"rendered":"[Fuchsen] Gewaltsame Ausschreitungen in Zwydeck"},"content":{"rendered":"<figure style=\"width: 400px\" class=\"wp-caption alignleft\"><img loading=\"lazy\" decoding=\"async\" src=\"http:\/\/www.freistaat-fuchsen.de\/forum\/getimg.php?img=Gadewar.jpg\" alt=\"\" width=\"400\" height=\"266\" \/><figcaption class=\"wp-caption-text\">Demonstranten werfen mit Steinen und Molotovcocktails &#8230;<\/figcaption><\/figure>\n<p><strong>Zwydeck \/ Freistaat Fuchsen<\/strong> &#8211; In der Nacht des 14.10.2012 kam es in Zwydeck zu massiven gewaltsamen \u00a0 \u00a0Ausschreitungen durch die sich unterdr\u00fcckt und unbeachtet f\u00fchlende Unterschicht. \u00a0Die Randalierer begannen zun\u00e4chst Schaufensterscheiben einzuschmei\u00dfen und die betreffenden L\u00e4den zu pl\u00fcndern. Kurz darauf formierte sich lawinenartig eine randalierende Menschenmenge. Die Randalierer z\u00fcndeten Autos und M\u00fcllcontainer an und errichteten Stra\u00dfensperren. Die Polizei reagierte mit einem massiven Polizeiaufgebot, sowie Tr\u00e4nengas und mit Androhung des Wasserwerfers, \u00a0sogar die Provinzpolizei West-Mittelland musste als Verst\u00e4rkung angefordert werden. Aktuell versucht die Polizei jedoch die Unruhen mit friedlichen Mitteln unter Kontrolle zu bekommen. Die Randalierer zeigen sich jedoch bislang von diesen Ma\u00dfnahmen unbeeindruckt.<\/p>\n<p>Voran gegangen waren den Ausschreitungen eine Woche zuvor friedliche Demonstrationen gegen die hohen Strompreise der fuchsischen Energiekonzerne EWV und FNE, sowie Demonstrationen vor dem Hauptgeb\u00e4ude der EWV in Zwydeck. Umfragen und Statistiken zu Folge gelten rund 18% der fuchsischen Bev\u00f6lkerung als einkommensschwach bzw. sogar als arm. \u00a0Die meisten dieser Menschen k\u00f6nnen sich Strom und Wasser nicht gleichzeitig leisten bzw. m\u00fcssen ihren Strom rationieren, da sie sich sonst keine Lebensmittel mehr leisten k\u00f6nnen. Die friedlichen Demonstrationen blieben jedoch von der Politik und dem Stromversorger unbeachtet.<\/p>\n<p>Bislang ist jedoch unklar, ob die &#8222;Stromkrise&#8220; wirklich alleiniger Ausl\u00f6ser f\u00fcr die aktuell vorherrschenden massiven, gewaltsamen Ausschreitungen im S\u00fcden Zwydecks ist. \u00a0Denn trotz des hohen Anteils in der Bev\u00f6lkerung sind in der Volkversammlung Fuchsens, \u00a0sowie der Regierung vor allem Vertreter aus der Wirtschaft vertreten. Viele Anh\u00e4nger der unteren Bev\u00f6lkerungsschicht engagieren sich kaum in der Volksversammlung und \u00a0f\u00fchlen sich \u00fcbergangen und ausgegrenzt. Viele von ihnen verbindet eine starke Abneigung gegen den Staat und die Regierung. Die Unruhen in Zwydeck sind die schlimmsten sozialen Unruhen, die der Freistaat Fuchsen seit seinem Bestehen erlebt hat.<\/p>\n<p>&nbsp;<\/p>\n<p>&nbsp;<\/p>\n","protected":false},"excerpt":{"rendered":"<p>Zwydeck \/ Freistaat Fuchsen &#8211; In der Nacht des 14.10.2012 kam es in Zwydeck zu massiven gewaltsamen \u00a0 \u00a0Ausschreitungen durch die sich unterdr\u00fcckt und unbeachtet f\u00fchlende Unterschicht. \u00a0Die Randalierer begannen zun\u00e4chst Schaufensterscheiben einzuschmei\u00dfen und die betreffenden L\u00e4den zu pl\u00fcndern. Kurz darauf formierte sich lawinenartig eine randalierende Menschenmenge. Die Randalierer z\u00fcndeten Autos und M\u00fcllcontainer an und [&hellip;]<\/p>\n","protected":false},"author":365,"featured_media":0,"comment_status":"open","ping_status":"closed","sticky":false,"template":"","format":"standard","meta":{"_crdt_document":"","footnotes":""},"categories":[1,3,11],"tags":[642,494,496,255,380,495],"class_list":["post-5105","post","type-post","status-publish","format-standard","hentry","category-international","category-wirtschaft","category-fuchsen","tag-fuchsen","tag-soziale","tag-stromkrise","tag-unabhangigkeit","tag-unruhen","tag-zwydeck"],"_links":{"self":[{"href":"https:\/\/www.mn-nachrichten.de\/index.php?rest_route=\/wp\/v2\/posts\/5105","targetHints":{"allow":["GET"]}}],"collection":[{"href":"https:\/\/www.mn-nachrichten.de\/index.php?rest_route=\/wp\/v2\/posts"}],"about":[{"href":"https:\/\/www.mn-nachrichten.de\/index.php?rest_route=\/wp\/v2\/types\/post"}],"author":[{"embeddable":true,"href":"https:\/\/www.mn-nachrichten.de\/index.php?rest_route=\/wp\/v2\/users\/365"}],"replies":[{"embeddable":true,"href":"https:\/\/www.mn-nachrichten.de\/index.php?rest_route=%2Fwp%2Fv2%2Fcomments&post=5105"}],"version-history":[{"count":4,"href":"https:\/\/www.mn-nachrichten.de\/index.php?rest_route=\/wp\/v2\/posts\/5105\/revisions"}],"predecessor-version":[{"id":5108,"href":"https:\/\/www.mn-nachrichten.de\/index.php?rest_route=\/wp\/v2\/posts\/5105\/revisions\/5108"}],"wp:attachment":[{"href":"https:\/\/www.mn-nachrichten.de\/index.php?rest_route=%2Fwp%2Fv2%2Fmedia&parent=5105"}],"wp:term":[{"taxonomy":"category","embeddable":true,"href":"https:\/\/www.mn-nachrichten.de\/index.php?rest_route=%2Fwp%2Fv2%2Fcategories&post=5105"},{"taxonomy":"post_tag","embeddable":true,"href":"https:\/\/www.mn-nachrichten.de\/index.php?rest_route=%2Fwp%2Fv2%2Ftags&post=5105"}],"curies":[{"name":"wp","href":"https:\/\/api.w.org\/{rel}","templated":true}]}}