{"id":4994,"date":"2012-08-22T21:16:24","date_gmt":"2012-08-22T19:16:24","guid":{"rendered":"http:\/\/www.mn-nachrichten.de\/?p=4994"},"modified":"2012-08-22T21:16:24","modified_gmt":"2012-08-22T19:16:24","slug":"atomtests-in-der-liga","status":"publish","type":"post","link":"https:\/\/www.mn-nachrichten.de\/?p=4994","title":{"rendered":"Atomtests in der Liga"},"content":{"rendered":"<p><img loading=\"lazy\" decoding=\"async\" alt=\"\" src=\"http:\/\/i48.tinypic.com\/2m6q1s2.png\" class=\"alignright\" width=\"400\" height=\"300\" \/>Das Kommissariat f\u00fcr Wehrangelegenheiten der Liga Freier Republiken hat angek\u00fcndigt, eine Vergeltungswaffe auf der Insel Thanda testen zu wollen. \u201cDer Test steht in keinem Zusammenhang zu Astor oder anderen au\u00dfenpolitischen Vorkommnissen Genosse\u201d, so Rajesh Sharma.Am 25. August werde der erste von drei Tests stattfinden, Nummer zwei und drei sollen Anfang und Mitte September folgen.<\/p>\n<p>Politiker, Medien und Menschen auf der ganzen Welt sind entsetzt \u00fcber den Plan der Liga. Andro, Chinopien, Dreib\u00fcrgen und das Medianische Imperium bekundeten ihren Protest, Paktverb\u00fcndeter Severanien distanzierte sich: \u201cDies steht nicht im Einklang mit den sozialistischen Werten von Frieden und Sicherheit, zu denen sich die Liga Freier Republiken unter anderem als Mitglied des Martinsthaler Paktes bekannt hat\u201d.<\/p>\n","protected":false},"excerpt":{"rendered":"<p>Das Kommissariat f\u00fcr Wehrangelegenheiten der Liga Freier Republiken hat angek\u00fcndigt, eine Vergeltungswaffe auf der Insel Thanda testen zu wollen. \u201cDer Test steht in keinem Zusammenhang zu Astor oder anderen au\u00dfenpolitischen Vorkommnissen Genosse\u201d, so Rajesh Sharma.Am 25. August werde der erste von drei Tests stattfinden, Nummer zwei und drei sollen Anfang und Mitte September folgen. Politiker, [&hellip;]<\/p>\n","protected":false},"author":1674,"featured_media":0,"comment_status":"open","ping_status":"closed","sticky":false,"template":"","format":"standard","meta":{"_crdt_document":"","footnotes":""},"categories":[1,5,42,50,89,88],"tags":[],"class_list":["post-4994","post","type-post","status-publish","format-standard","hentry","category-international","category-wissenschaft","category-andro","category-dreiburgen","category-gran-novara","category-severanien"],"_links":{"self":[{"href":"https:\/\/www.mn-nachrichten.de\/index.php?rest_route=\/wp\/v2\/posts\/4994","targetHints":{"allow":["GET"]}}],"collection":[{"href":"https:\/\/www.mn-nachrichten.de\/index.php?rest_route=\/wp\/v2\/posts"}],"about":[{"href":"https:\/\/www.mn-nachrichten.de\/index.php?rest_route=\/wp\/v2\/types\/post"}],"author":[{"embeddable":true,"href":"https:\/\/www.mn-nachrichten.de\/index.php?rest_route=\/wp\/v2\/users\/1674"}],"replies":[{"embeddable":true,"href":"https:\/\/www.mn-nachrichten.de\/index.php?rest_route=%2Fwp%2Fv2%2Fcomments&post=4994"}],"version-history":[{"count":1,"href":"https:\/\/www.mn-nachrichten.de\/index.php?rest_route=\/wp\/v2\/posts\/4994\/revisions"}],"predecessor-version":[{"id":4995,"href":"https:\/\/www.mn-nachrichten.de\/index.php?rest_route=\/wp\/v2\/posts\/4994\/revisions\/4995"}],"wp:attachment":[{"href":"https:\/\/www.mn-nachrichten.de\/index.php?rest_route=%2Fwp%2Fv2%2Fmedia&parent=4994"}],"wp:term":[{"taxonomy":"category","embeddable":true,"href":"https:\/\/www.mn-nachrichten.de\/index.php?rest_route=%2Fwp%2Fv2%2Fcategories&post=4994"},{"taxonomy":"post_tag","embeddable":true,"href":"https:\/\/www.mn-nachrichten.de\/index.php?rest_route=%2Fwp%2Fv2%2Ftags&post=4994"}],"curies":[{"name":"wp","href":"https:\/\/api.w.org\/{rel}","templated":true}]}}