{"id":4912,"date":"2012-07-05T19:22:15","date_gmt":"2012-07-05T18:22:15","guid":{"rendered":"http:\/\/www.mn-nachrichten.de\/?p=4912"},"modified":"2025-03-21T00:46:24","modified_gmt":"2025-03-20T23:46:24","slug":"rokokolores-konig-gesturzt","status":"publish","type":"post","link":"https:\/\/www.mn-nachrichten.de\/?p=4912","title":{"rendered":"[Rokokolores] K\u00f6nig D\u00fcsterstein gest\u00fcrzt"},"content":{"rendered":"<p style=\"text-align: justify\"><strong>Barockoko.<\/strong> Graf Driwinski von D\u00fcsterstein, noch vor Kurzem K\u00f6nig von Rokokolores,\u00a0wurde gest\u00fcrzt und inhaftiert. Die Hofkanzlei konnte Beweise vorbringen, derernach der Graf keinerlei Anspruch auf den Thron, sondern ihn eigenm\u00e4chtig und vermutlich in Verbindung mit einem\u00a0heimt\u00fcckischen Mord erlangte\u00a0hatte.\u00a0Die Amtsnachfolge nahm\u00a0der fr\u00fchere Flamingo Raffamoneti als Prinzregent. Da der graf in vielen L\u00e4ndern polizeilich gesucht wird, \u00fcberlegt Raffamoneti, seinen Gefangenen zu versteigern und so die Staatskasse aufzustocken. Der Graf wartet nun im Verlies auf seinen Prozess.<\/p>\n","protected":false},"excerpt":{"rendered":"<p>Barockoko. Graf Driwinski von D\u00fcsterstein, noch vor Kurzem K\u00f6nig von Rokokolores,\u00a0wurde gest\u00fcrzt und inhaftiert. Die Hofkanzlei konnte Beweise vorbringen, derernach der Graf keinerlei Anspruch auf den Thron, sondern ihn eigenm\u00e4chtig und vermutlich in Verbindung mit einem\u00a0heimt\u00fcckischen Mord erlangte\u00a0hatte.\u00a0Die Amtsnachfolge nahm\u00a0der fr\u00fchere Flamingo Raffamoneti als Prinzregent. Da der graf in vielen L\u00e4ndern polizeilich gesucht wird, \u00fcberlegt [&hellip;]<\/p>\n","protected":false},"author":1685,"featured_media":0,"comment_status":"open","ping_status":"closed","sticky":false,"template":"","format":"standard","meta":{"_crdt_document":"","footnotes":""},"categories":[982],"tags":[],"class_list":["post-4912","post","type-post","status-publish","format-standard","hentry","category-vormals_rokokolores"],"_links":{"self":[{"href":"https:\/\/www.mn-nachrichten.de\/index.php?rest_route=\/wp\/v2\/posts\/4912","targetHints":{"allow":["GET"]}}],"collection":[{"href":"https:\/\/www.mn-nachrichten.de\/index.php?rest_route=\/wp\/v2\/posts"}],"about":[{"href":"https:\/\/www.mn-nachrichten.de\/index.php?rest_route=\/wp\/v2\/types\/post"}],"author":[{"embeddable":true,"href":"https:\/\/www.mn-nachrichten.de\/index.php?rest_route=\/wp\/v2\/users\/1685"}],"replies":[{"embeddable":true,"href":"https:\/\/www.mn-nachrichten.de\/index.php?rest_route=%2Fwp%2Fv2%2Fcomments&post=4912"}],"version-history":[{"count":4,"href":"https:\/\/www.mn-nachrichten.de\/index.php?rest_route=\/wp\/v2\/posts\/4912\/revisions"}],"predecessor-version":[{"id":4915,"href":"https:\/\/www.mn-nachrichten.de\/index.php?rest_route=\/wp\/v2\/posts\/4912\/revisions\/4915"}],"wp:attachment":[{"href":"https:\/\/www.mn-nachrichten.de\/index.php?rest_route=%2Fwp%2Fv2%2Fmedia&parent=4912"}],"wp:term":[{"taxonomy":"category","embeddable":true,"href":"https:\/\/www.mn-nachrichten.de\/index.php?rest_route=%2Fwp%2Fv2%2Fcategories&post=4912"},{"taxonomy":"post_tag","embeddable":true,"href":"https:\/\/www.mn-nachrichten.de\/index.php?rest_route=%2Fwp%2Fv2%2Ftags&post=4912"}],"curies":[{"name":"wp","href":"https:\/\/api.w.org\/{rel}","templated":true}]}}