{"id":4613,"date":"2012-01-14T23:32:55","date_gmt":"2012-01-14T21:32:55","guid":{"rendered":"http:\/\/www.mn-nachrichten.de\/?p=4613"},"modified":"2012-01-14T23:32:55","modified_gmt":"2012-01-14T21:32:55","slug":"eldeyja-allthing-bestatig-kabinett","status":"publish","type":"post","link":"https:\/\/www.mn-nachrichten.de\/?p=4613","title":{"rendered":"[Eldeyja] Allthing best\u00e4tig Kabinett"},"content":{"rendered":"<p><strong>H\u00f6fu\u00f0fj\u00f6r\u00f0ur.<\/strong> Das Allthing hat seine <a href=\"http:\/\/eldeyja.mikronation.de\/forum\/index.php?page=Thread&amp;threadID=323\">Sitzung zur Regierungsbildung<\/a> abgeschlossen und die Vorschl\u00e4ge von Ministerpr\u00e4sident Magn\u00fas Sverrisson f\u00fcr die R\u00e1\u00f0herra ohne Gegenstimmen angenommen. Als neuer Au\u00dfenminister wurde J\u00f3nas Sigur\u00f0sson best\u00e4tigt, das Innenministerium \u00fcbernimmt in Zukunft der fr\u00fchere Ministerpr\u00e4sident und Polizeipr\u00e4sident Sn\u00e6r Snorrason.<\/p>\n<p>Bevor die Personalfragen gekl\u00e4rt wurden, stellte Ministerpr\u00e4sident Magn\u00fas seine Pl\u00e4ne f\u00fcr seine Amtszeit vor. In seiner Ansprache nannte er die St\u00e4rkung der au\u00dfenpolitischen Akivit\u00e4ten Eldeyjas als eine Priorit\u00e4t. Innenpolitische Themen der Regierung sind die Vervollst\u00e4ndigung des B\u00fcrgerrechts im Codex Eldeyja und der Verkehr, unter anderem die Anbindung des Flughafens an die Hauptstadt H\u00f6fu\u00f0fj\u00f6r\u00f0ur.<\/p>\n","protected":false},"excerpt":{"rendered":"<p>H\u00f6fu\u00f0fj\u00f6r\u00f0ur. Das Allthing hat seine Sitzung zur Regierungsbildung abgeschlossen und die Vorschl\u00e4ge von Ministerpr\u00e4sident Magn\u00fas Sverrisson f\u00fcr die R\u00e1\u00f0herra ohne Gegenstimmen angenommen. Als neuer Au\u00dfenminister wurde J\u00f3nas Sigur\u00f0sson best\u00e4tigt, das Innenministerium \u00fcbernimmt in Zukunft der fr\u00fchere Ministerpr\u00e4sident und Polizeipr\u00e4sident Sn\u00e6r Snorrason. Bevor die Personalfragen gekl\u00e4rt wurden, stellte Ministerpr\u00e4sident Magn\u00fas seine Pl\u00e4ne f\u00fcr seine Amtszeit vor. [&hellip;]<\/p>\n","protected":false},"author":1559,"featured_media":0,"comment_status":"open","ping_status":"closed","sticky":false,"template":"","format":"standard","meta":{"_crdt_document":"","footnotes":""},"categories":[402],"tags":[],"class_list":["post-4613","post","type-post","status-publish","format-standard","hentry","category-eldeyja"],"_links":{"self":[{"href":"https:\/\/www.mn-nachrichten.de\/index.php?rest_route=\/wp\/v2\/posts\/4613","targetHints":{"allow":["GET"]}}],"collection":[{"href":"https:\/\/www.mn-nachrichten.de\/index.php?rest_route=\/wp\/v2\/posts"}],"about":[{"href":"https:\/\/www.mn-nachrichten.de\/index.php?rest_route=\/wp\/v2\/types\/post"}],"author":[{"embeddable":true,"href":"https:\/\/www.mn-nachrichten.de\/index.php?rest_route=\/wp\/v2\/users\/1559"}],"replies":[{"embeddable":true,"href":"https:\/\/www.mn-nachrichten.de\/index.php?rest_route=%2Fwp%2Fv2%2Fcomments&post=4613"}],"version-history":[{"count":1,"href":"https:\/\/www.mn-nachrichten.de\/index.php?rest_route=\/wp\/v2\/posts\/4613\/revisions"}],"predecessor-version":[{"id":4614,"href":"https:\/\/www.mn-nachrichten.de\/index.php?rest_route=\/wp\/v2\/posts\/4613\/revisions\/4614"}],"wp:attachment":[{"href":"https:\/\/www.mn-nachrichten.de\/index.php?rest_route=%2Fwp%2Fv2%2Fmedia&parent=4613"}],"wp:term":[{"taxonomy":"category","embeddable":true,"href":"https:\/\/www.mn-nachrichten.de\/index.php?rest_route=%2Fwp%2Fv2%2Fcategories&post=4613"},{"taxonomy":"post_tag","embeddable":true,"href":"https:\/\/www.mn-nachrichten.de\/index.php?rest_route=%2Fwp%2Fv2%2Ftags&post=4613"}],"curies":[{"name":"wp","href":"https:\/\/api.w.org\/{rel}","templated":true}]}}