{"id":456,"date":"2007-10-11T21:00:24","date_gmt":"2007-10-11T19:00:24","guid":{"rendered":"http:\/\/www.mn-nachrichten.de\/?p=456"},"modified":"2007-10-12T11:52:40","modified_gmt":"2007-10-12T09:52:40","slug":"balakonien-sportveranstaltungen-in-balakonien","status":"publish","type":"post","link":"https:\/\/www.mn-nachrichten.de\/?p=456","title":{"rendered":"[Balakonien] Sportveranstaltungen in Balakonien"},"content":{"rendered":"<p><strong>Gloria<\/strong> &#8211;\u00a0Die zweite Saison der Balakonischen Fu\u00dfball-Liga ist in der Anmeldephase.<br \/>\nDerzeit sind schon f\u00fcnf Mannschaften in der Liga gemeldet,weitere Mannschaften k\u00f6nnen derzeit sich noch anmelden und ihre Teilnahme best\u00e4tigen.<br \/>\nHerkunftsland der teilnehmenden Mannschaften ist nicht wichtig f\u00fcr die Veranstalter.<br \/>\n<a href=\"http:\/\/joachimseitz.de\/fussball\/mhl\/index.php?page=register&amp;daliga=100\">Hier geht es zur Anmeldung.<\/a><a href=\"http:\/\/joachimseitz.de\/fussball\/mhl\/index.php?page=register&amp;daliga=100\"><br \/>\n<\/a><a href=\"http:\/\/joachimseitz.de\/fussball\/mhl\/index.php?page=register&amp;daliga=100\"><br \/>\n<\/a><a href=\"http:\/\/joachimseitz.de\/fussball\/mhl\/index.php?page=register&amp;daliga=100\"><br \/>\n<\/a>Ferer plant der Balakonische Sportverband derzeit eine internationale Handballsaison.<br \/>\nAlle Mannschaften sind herzlich eingeladen daran teilzunehmen.<br \/>\n<a href=\"http:\/\/joachimseitz.de\/fussball\/mhl\/index.php?page=register&amp;daliga=81\">Hier geht es zur Anmeldung.<\/a><\/p>\n","protected":false},"excerpt":{"rendered":"<p>Gloria &#8211;\u00a0Die zweite Saison der Balakonischen Fu\u00dfball-Liga ist in der Anmeldephase. Derzeit sind schon f\u00fcnf Mannschaften in der Liga gemeldet,weitere Mannschaften k\u00f6nnen derzeit sich noch anmelden und ihre Teilnahme best\u00e4tigen. Herkunftsland der teilnehmenden Mannschaften ist nicht wichtig f\u00fcr die Veranstalter. Hier geht es zur Anmeldung. Ferer plant der Balakonische Sportverband derzeit eine internationale Handballsaison. Alle [&hellip;]<\/p>\n","protected":false},"author":22,"featured_media":0,"comment_status":"open","ping_status":"closed","sticky":false,"template":"","format":"standard","meta":{"_crdt_document":"","footnotes":""},"categories":[1,4],"tags":[],"class_list":["post-456","post","type-post","status-publish","format-standard","hentry","category-international","category-sport"],"_links":{"self":[{"href":"https:\/\/www.mn-nachrichten.de\/index.php?rest_route=\/wp\/v2\/posts\/456","targetHints":{"allow":["GET"]}}],"collection":[{"href":"https:\/\/www.mn-nachrichten.de\/index.php?rest_route=\/wp\/v2\/posts"}],"about":[{"href":"https:\/\/www.mn-nachrichten.de\/index.php?rest_route=\/wp\/v2\/types\/post"}],"author":[{"embeddable":true,"href":"https:\/\/www.mn-nachrichten.de\/index.php?rest_route=\/wp\/v2\/users\/22"}],"replies":[{"embeddable":true,"href":"https:\/\/www.mn-nachrichten.de\/index.php?rest_route=%2Fwp%2Fv2%2Fcomments&post=456"}],"version-history":[{"count":0,"href":"https:\/\/www.mn-nachrichten.de\/index.php?rest_route=\/wp\/v2\/posts\/456\/revisions"}],"wp:attachment":[{"href":"https:\/\/www.mn-nachrichten.de\/index.php?rest_route=%2Fwp%2Fv2%2Fmedia&parent=456"}],"wp:term":[{"taxonomy":"category","embeddable":true,"href":"https:\/\/www.mn-nachrichten.de\/index.php?rest_route=%2Fwp%2Fv2%2Fcategories&post=456"},{"taxonomy":"post_tag","embeddable":true,"href":"https:\/\/www.mn-nachrichten.de\/index.php?rest_route=%2Fwp%2Fv2%2Ftags&post=456"}],"curies":[{"name":"wp","href":"https:\/\/api.w.org\/{rel}","templated":true}]}}