{"id":4549,"date":"2011-12-23T20:45:51","date_gmt":"2011-12-23T18:45:51","guid":{"rendered":"http:\/\/www.mn-nachrichten.de\/?p=4549"},"modified":"2011-12-23T20:45:51","modified_gmt":"2011-12-23T18:45:51","slug":"gelbes-reich-reichskanzler-long-ju-%e2%80%9ebedingungen-sind-unannehmbar%e2%80%9c","status":"publish","type":"post","link":"https:\/\/www.mn-nachrichten.de\/?p=4549","title":{"rendered":"[Gelbes Reich] Reichskanzler Long Ju: \u201eBedingungen sind unannehmbar\u201c"},"content":{"rendered":"<p>[Gelbes Reich] In einer Pressekonferenz sendet der Reichskanzler des Gelben Reichs, Long Ju, eine unmissverst\u00e4ndliche Nachricht an die Machthaber in Xinhai. \u201eDie Bedingungen sind unannehmbar\u201c und \u201eein Abbruch der Beziehungen (mit Andro und Aurora) kommt nicht in Frage.\u201c Reichskanzler Long Ju sparte w\u00e4hrend seiner Ausf\u00fchrungen nicht damit seine Geringsch\u00e4tzung der xinhainesischen Regierung zum Ausdruck zu bringen. (<a title=\"&quot;Reichskanzler Long Ju: \u201eBedingungen sind unannehmbar\u201c&quot; im Haxagonesischen Wochenblatt\" href=\"http:\/\/hw.mn-nachrichten.de\/2011\/12\/23\/reichskanzler-long-ju-%E2%80%9Ebedingungen-sind-unannehmbar\/\">weiter<\/a>)<\/p>\n","protected":false},"excerpt":{"rendered":"<p>[Gelbes Reich] In einer Pressekonferenz sendet der Reichskanzler des Gelben Reichs, Long Ju, eine unmissverst\u00e4ndliche Nachricht an die Machthaber in Xinhai. \u201eDie Bedingungen sind unannehmbar\u201c und \u201eein Abbruch der Beziehungen (mit Andro und Aurora) kommt nicht in Frage.\u201c Reichskanzler Long Ju sparte w\u00e4hrend seiner Ausf\u00fchrungen nicht damit seine Geringsch\u00e4tzung der xinhainesischen Regierung zum Ausdruck zu [&hellip;]<\/p>\n","protected":false},"author":1463,"featured_media":0,"comment_status":"open","ping_status":"closed","sticky":false,"template":"","format":"standard","meta":{"_crdt_document":"","footnotes":""},"categories":[1,42,21],"tags":[425],"class_list":["post-4549","post","type-post","status-publish","format-standard","hentry","category-international","category-andro","category-aurora","tag-liga-freier-republiken"],"_links":{"self":[{"href":"https:\/\/www.mn-nachrichten.de\/index.php?rest_route=\/wp\/v2\/posts\/4549","targetHints":{"allow":["GET"]}}],"collection":[{"href":"https:\/\/www.mn-nachrichten.de\/index.php?rest_route=\/wp\/v2\/posts"}],"about":[{"href":"https:\/\/www.mn-nachrichten.de\/index.php?rest_route=\/wp\/v2\/types\/post"}],"author":[{"embeddable":true,"href":"https:\/\/www.mn-nachrichten.de\/index.php?rest_route=\/wp\/v2\/users\/1463"}],"replies":[{"embeddable":true,"href":"https:\/\/www.mn-nachrichten.de\/index.php?rest_route=%2Fwp%2Fv2%2Fcomments&post=4549"}],"version-history":[{"count":1,"href":"https:\/\/www.mn-nachrichten.de\/index.php?rest_route=\/wp\/v2\/posts\/4549\/revisions"}],"predecessor-version":[{"id":4550,"href":"https:\/\/www.mn-nachrichten.de\/index.php?rest_route=\/wp\/v2\/posts\/4549\/revisions\/4550"}],"wp:attachment":[{"href":"https:\/\/www.mn-nachrichten.de\/index.php?rest_route=%2Fwp%2Fv2%2Fmedia&parent=4549"}],"wp:term":[{"taxonomy":"category","embeddable":true,"href":"https:\/\/www.mn-nachrichten.de\/index.php?rest_route=%2Fwp%2Fv2%2Fcategories&post=4549"},{"taxonomy":"post_tag","embeddable":true,"href":"https:\/\/www.mn-nachrichten.de\/index.php?rest_route=%2Fwp%2Fv2%2Ftags&post=4549"}],"curies":[{"name":"wp","href":"https:\/\/api.w.org\/{rel}","templated":true}]}}