{"id":4528,"date":"2011-12-22T01:50:58","date_gmt":"2011-12-21T23:50:58","guid":{"rendered":"http:\/\/www.mn-nachrichten.de\/?p=4528"},"modified":"2011-12-22T01:50:58","modified_gmt":"2011-12-21T23:50:58","slug":"nordmark-nordmarks-staatsminister-av-berg-prasentiert-sich-der-presse","status":"publish","type":"post","link":"https:\/\/www.mn-nachrichten.de\/?p=4528","title":{"rendered":"[Nordmark] Nordmarks Staatsminister av Berg pr\u00e4sentiert sich der Presse"},"content":{"rendered":"<p>[Nordmark] Nach den Irrungen und Wirrungen der letzten Wochen, trat am sp\u00e4ten Mittwochabend der neue Staatsminister der Nordmark, Alexander av Berg, \u00a0vor die Vertreter der Presse. Der durch den K\u00f6nigselekt zum Staatsminister gemachte Politikveteran, erkl\u00e4rte er hoffe zur Stabilisierung der Nordmark beitragen zu k\u00f6nnen. (<a title=\"&quot;Nordmarks Staatsminister av Berg pr\u00e4sentiert sich der Presse&quot; im Haxagonesischen Wochenblatt\" href=\"http:\/\/hw.mn-nachrichten.de\/2011\/12\/22\/nordmarks-staatsminister-av-berg-prasentiert-sich-der-presse\/\">weiter<\/a>)<\/p>\n","protected":false},"excerpt":{"rendered":"<p>[Nordmark] Nach den Irrungen und Wirrungen der letzten Wochen, trat am sp\u00e4ten Mittwochabend der neue Staatsminister der Nordmark, Alexander av Berg, \u00a0vor die Vertreter der Presse. Der durch den K\u00f6nigselekt zum Staatsminister gemachte Politikveteran, erkl\u00e4rte er hoffe zur Stabilisierung der Nordmark beitragen zu k\u00f6nnen. (weiter)<\/p>\n","protected":false},"author":1463,"featured_media":0,"comment_status":"open","ping_status":"closed","sticky":false,"template":"","format":"standard","meta":{"_crdt_document":"","footnotes":""},"categories":[330],"tags":[],"class_list":["post-4528","post","type-post","status-publish","format-standard","hentry","category-nordmark"],"_links":{"self":[{"href":"https:\/\/www.mn-nachrichten.de\/index.php?rest_route=\/wp\/v2\/posts\/4528","targetHints":{"allow":["GET"]}}],"collection":[{"href":"https:\/\/www.mn-nachrichten.de\/index.php?rest_route=\/wp\/v2\/posts"}],"about":[{"href":"https:\/\/www.mn-nachrichten.de\/index.php?rest_route=\/wp\/v2\/types\/post"}],"author":[{"embeddable":true,"href":"https:\/\/www.mn-nachrichten.de\/index.php?rest_route=\/wp\/v2\/users\/1463"}],"replies":[{"embeddable":true,"href":"https:\/\/www.mn-nachrichten.de\/index.php?rest_route=%2Fwp%2Fv2%2Fcomments&post=4528"}],"version-history":[{"count":2,"href":"https:\/\/www.mn-nachrichten.de\/index.php?rest_route=\/wp\/v2\/posts\/4528\/revisions"}],"predecessor-version":[{"id":4530,"href":"https:\/\/www.mn-nachrichten.de\/index.php?rest_route=\/wp\/v2\/posts\/4528\/revisions\/4530"}],"wp:attachment":[{"href":"https:\/\/www.mn-nachrichten.de\/index.php?rest_route=%2Fwp%2Fv2%2Fmedia&parent=4528"}],"wp:term":[{"taxonomy":"category","embeddable":true,"href":"https:\/\/www.mn-nachrichten.de\/index.php?rest_route=%2Fwp%2Fv2%2Fcategories&post=4528"},{"taxonomy":"post_tag","embeddable":true,"href":"https:\/\/www.mn-nachrichten.de\/index.php?rest_route=%2Fwp%2Fv2%2Ftags&post=4528"}],"curies":[{"name":"wp","href":"https:\/\/api.w.org\/{rel}","templated":true}]}}