{"id":4234,"date":"2011-10-03T02:16:39","date_gmt":"2011-10-03T00:16:39","guid":{"rendered":"http:\/\/www.mn-nachrichten.de\/?p=4234"},"modified":"2011-10-03T02:16:39","modified_gmt":"2011-10-03T00:16:39","slug":"wm-2011-anmeldungsphase-eroffnet","status":"publish","type":"post","link":"https:\/\/www.mn-nachrichten.de\/?p=4234","title":{"rendered":"[WM 2011] Anmeldungsphase er\u00f6ffnet"},"content":{"rendered":"<p>Das WM-Organisationskomitee hat heute offiziell die Anmeldungsphase f\u00fcr die Fu\u00dfball-WM 2011 in der Demokratischen Union er\u00f6ffnet. Dar\u00fcber hinaus stellten Anastasia von Metternich und Palin Waylan-Majere den Terminplan f\u00fcr das Turnier vor.<\/p>\n<p>Nach dem Ende der Anmeldungsphase am 14. Oktober um 14.10 Uhr werden am Tag darauf die Gruppen ausgelost. Die Gruppenphase beginnt am 17. Oktober und dauert bis zum 23. Oktober. Die KO-Runde beginnt in der Woche darauf. Das Finale findet am 30. Oktober 2011 in Manuri statt.<\/p>\n<p>Das WM-OK k\u00fcndigte an, aktuelle Informationen stets \u00fcber Twitter (<a href=\"http:\/\/twitter.com\/vmfworldcup2011\">@VMFWorldCup2011<\/a>) zu verbreiten.<\/p>\n","protected":false},"excerpt":{"rendered":"<p>Das WM-Organisationskomitee hat heute offiziell die Anmeldungsphase f\u00fcr die Fu\u00dfball-WM 2011 in der Demokratischen Union er\u00f6ffnet. Dar\u00fcber hinaus stellten Anastasia von Metternich und Palin Waylan-Majere den Terminplan f\u00fcr das Turnier vor. Nach dem Ende der Anmeldungsphase am 14. Oktober um 14.10 Uhr werden am Tag darauf die Gruppen ausgelost. Die Gruppenphase beginnt am 17. Oktober [&hellip;]<\/p>\n","protected":false},"author":1392,"featured_media":0,"comment_status":"open","ping_status":"closed","sticky":false,"template":"","format":"standard","meta":{"_crdt_document":"","footnotes":""},"categories":[1,4,30],"tags":[],"class_list":["post-4234","post","type-post","status-publish","format-standard","hentry","category-international","category-sport","category-demokratische-union"],"_links":{"self":[{"href":"https:\/\/www.mn-nachrichten.de\/index.php?rest_route=\/wp\/v2\/posts\/4234","targetHints":{"allow":["GET"]}}],"collection":[{"href":"https:\/\/www.mn-nachrichten.de\/index.php?rest_route=\/wp\/v2\/posts"}],"about":[{"href":"https:\/\/www.mn-nachrichten.de\/index.php?rest_route=\/wp\/v2\/types\/post"}],"author":[{"embeddable":true,"href":"https:\/\/www.mn-nachrichten.de\/index.php?rest_route=\/wp\/v2\/users\/1392"}],"replies":[{"embeddable":true,"href":"https:\/\/www.mn-nachrichten.de\/index.php?rest_route=%2Fwp%2Fv2%2Fcomments&post=4234"}],"version-history":[{"count":3,"href":"https:\/\/www.mn-nachrichten.de\/index.php?rest_route=\/wp\/v2\/posts\/4234\/revisions"}],"predecessor-version":[{"id":4237,"href":"https:\/\/www.mn-nachrichten.de\/index.php?rest_route=\/wp\/v2\/posts\/4234\/revisions\/4237"}],"wp:attachment":[{"href":"https:\/\/www.mn-nachrichten.de\/index.php?rest_route=%2Fwp%2Fv2%2Fmedia&parent=4234"}],"wp:term":[{"taxonomy":"category","embeddable":true,"href":"https:\/\/www.mn-nachrichten.de\/index.php?rest_route=%2Fwp%2Fv2%2Fcategories&post=4234"},{"taxonomy":"post_tag","embeddable":true,"href":"https:\/\/www.mn-nachrichten.de\/index.php?rest_route=%2Fwp%2Fv2%2Ftags&post=4234"}],"curies":[{"name":"wp","href":"https:\/\/api.w.org\/{rel}","templated":true}]}}