{"id":42,"date":"2006-11-25T18:01:15","date_gmt":"2006-11-25T17:01:15","guid":{"rendered":"http:\/\/www.mn-nachrichten.de\/?p=42"},"modified":"2025-03-21T01:33:38","modified_gmt":"2025-03-21T00:33:38","slug":"confederaziun-ascaarunlandratsprasidentenwahlen-beendet","status":"publish","type":"post","link":"https:\/\/www.mn-nachrichten.de\/?p=42","title":{"rendered":"[Ascaaron] Landratspr\u00e4sidentenwahlen beendet"},"content":{"rendered":"<p><strong>Berino\/Confederaziun Ascaaruniac<\/strong> Die vor kurzem durchgef\u00fchrten Wahlen zum Landratspr\u00e4sidenten sind beendet.Den Kandidaten stellte das Haus des roten Adlers.<br \/>\nDer Kandidat ist Markus Freinberger,die stimmenverteilung lautet wie folgt:<\/p>\n<p>Ja     4<br \/>\nNein  0<br \/>\nEnthaltung 2<\/p>\n<p>Trotz heftigen Protestes seitens der W\u00e4chter der Morgend\u00e4mmerung verlief die Wahl fair und planm\u00e4\u00dfig.<br \/>\nDie Vereidigung des Pr\u00e4sidenten und seiner Staatsskret\u00e4re wird in den kommenden Tagen stattfinden.<\/p>\n","protected":false},"excerpt":{"rendered":"<p>Berino\/Confederaziun Ascaaruniac Die vor kurzem durchgef\u00fchrten Wahlen zum Landratspr\u00e4sidenten sind beendet.Den Kandidaten stellte das Haus des roten Adlers. Der Kandidat ist Markus Freinberger,die stimmenverteilung lautet wie folgt: Ja 4 Nein 0 Enthaltung 2 Trotz heftigen Protestes seitens der W\u00e4chter der Morgend\u00e4mmerung verlief die Wahl fair und planm\u00e4\u00dfig. Die Vereidigung des Pr\u00e4sidenten und seiner Staatsskret\u00e4re wird [&hellip;]<\/p>\n","protected":false},"author":3,"featured_media":0,"comment_status":"open","ping_status":"closed","sticky":false,"template":"","format":"standard","meta":{"_crdt_document":"","footnotes":""},"categories":[14],"tags":[],"class_list":["post-42","post","type-post","status-publish","format-standard","hentry","category-turanien"],"_links":{"self":[{"href":"https:\/\/www.mn-nachrichten.de\/index.php?rest_route=\/wp\/v2\/posts\/42","targetHints":{"allow":["GET"]}}],"collection":[{"href":"https:\/\/www.mn-nachrichten.de\/index.php?rest_route=\/wp\/v2\/posts"}],"about":[{"href":"https:\/\/www.mn-nachrichten.de\/index.php?rest_route=\/wp\/v2\/types\/post"}],"author":[{"embeddable":true,"href":"https:\/\/www.mn-nachrichten.de\/index.php?rest_route=\/wp\/v2\/users\/3"}],"replies":[{"embeddable":true,"href":"https:\/\/www.mn-nachrichten.de\/index.php?rest_route=%2Fwp%2Fv2%2Fcomments&post=42"}],"version-history":[{"count":1,"href":"https:\/\/www.mn-nachrichten.de\/index.php?rest_route=\/wp\/v2\/posts\/42\/revisions"}],"predecessor-version":[{"id":10518,"href":"https:\/\/www.mn-nachrichten.de\/index.php?rest_route=\/wp\/v2\/posts\/42\/revisions\/10518"}],"wp:attachment":[{"href":"https:\/\/www.mn-nachrichten.de\/index.php?rest_route=%2Fwp%2Fv2%2Fmedia&parent=42"}],"wp:term":[{"taxonomy":"category","embeddable":true,"href":"https:\/\/www.mn-nachrichten.de\/index.php?rest_route=%2Fwp%2Fv2%2Fcategories&post=42"},{"taxonomy":"post_tag","embeddable":true,"href":"https:\/\/www.mn-nachrichten.de\/index.php?rest_route=%2Fwp%2Fv2%2Ftags&post=42"}],"curies":[{"name":"wp","href":"https:\/\/api.w.org\/{rel}","templated":true}]}}