{"id":4078,"date":"2011-06-21T16:59:49","date_gmt":"2011-06-21T14:59:49","guid":{"rendered":"http:\/\/www.mn-nachrichten.de\/?p=4078"},"modified":"2011-08-22T00:14:09","modified_gmt":"2011-08-21T22:14:09","slug":"badoslowanien-kurtadien-droht-mit-unabhangigkeit","status":"publish","type":"post","link":"https:\/\/www.mn-nachrichten.de\/?p=4078","title":{"rendered":"[Badoslowanien] Kurtadien droht mit Unabh\u00e4ngigkeit"},"content":{"rendered":"<p>Bajramska Gora &#8211; Sant Karolina (RTB) &#8211; Seit Monaten ist das politsche Leben in Badoslowanien paralysiert. Versprochene Neuwahlen sind ausgeblieben, die offizielle Amtszeit der Regierung ist l\u00e4ngst abgelaufen. Kurzzeitige Proteste der Opposition \u00e4nderten  daran nichts. Um so unerwarteter sieht sich das offizielle Badoslowanien nun mit Seperationsdrohungen des Kasttals konfrontiert. In der autonomen Region lebt das Volk der Kurtaden. Die Vorsitzende der Autonomiebeh\u00f6rde Karlota Somveza (ehemals Kelkfoa) sprach sich daf\u00fcr aus, dass die autonome Region Kurtadien dem badoslowanischen Staatsverband nur noch konf\u00f6derativ verbunden ist. Anlass f\u00fcr dieses Erkl\u00e4rung war formal die Annahme einer neuen kodifizierten Sprachform des Kurtadischen. Konflikte mit der badoslowanischen Bev\u00f6lkerungsmehrheit scheinen vorprommiert. Beobachter f\u00fchlen sich an den Unabh\u00e4ngigkeitskampf Badoslowaniens von Nordanien vor einigen Jahren erinnert, nur dass ironischerweise Badoslowanien nun in der Rolle Nordaniens ist.<!--more--><\/p>\n<p>Das Selbstbewu\u00dftstein des kleinen kurtadischen Volkes in Badoslowanien ist seit der Unabh\u00e4ngigkeit stark gewachsen. Kurtadien verf\u00fcgt \u00fcber eigene politische Institutionen, die von Somvezas Partei &#8222;Union f\u00fcr den demokratischen Fortschritt&#8220; (UDP) beherrscht werden. Die UDP-F\u00fchrerin ist auch Minderheitenministerin der Zentralregierung von Poglovica Jasminka Kordovka. Die neue Sprachreform scheint das nationale Bewu\u00dftsein der Kurtaden noch einmal zu st\u00e4rken. Die offiziell nicht registrierte Kurtadische Nationale Union (KNU) forderte bereits jetzt offen die Unabh\u00e4ngigkeit und lehnt sogar eine Konf\u00f6deration ab. Somveza dagegen will die kurtadischen Institutionen st\u00e4rken und die Demokratie ausbauen. Alles andere soll mit Bajramska Gora verhandelt werden. Die einzige Stellungnahme von badoslowanischer Seite liegt nur von den Radikalen vor, die die Verh\u00e4ngung des Kriegsrechts und die Badoslowanisierung der Region forderten.<\/p>\n<p>Die angesprochene Sprachreform sieht eine Umbenennung von Ortsnamen, Staatsinstitutionen und Familienname in Kurtadien vor. Die Autonomieregierung hat diesen Entwurf bereits zugestimmt. Der Entwurf stammt vom Kurtadischen Institut in Sant Karolona, der Hauptstadt Kurtadiens.<\/p>\n","protected":false},"excerpt":{"rendered":"<p>Bajramska Gora &#8211; Sant Karolina (RTB) &#8211; Seit Monaten ist das politsche Leben in Badoslowanien paralysiert. Versprochene Neuwahlen sind ausgeblieben, die offizielle Amtszeit der Regierung ist l\u00e4ngst abgelaufen. Kurzzeitige Proteste der Opposition \u00e4nderten daran nichts. Um so unerwarteter sieht sich das offizielle Badoslowanien nun mit Seperationsdrohungen des Kasttals konfrontiert. In der autonomen Region lebt das [&hellip;]<\/p>\n","protected":false},"author":202,"featured_media":0,"comment_status":"open","ping_status":"closed","sticky":false,"template":"","format":"standard","meta":{"_crdt_document":"","footnotes":""},"categories":[86],"tags":[],"class_list":["post-4078","post","type-post","status-publish","format-standard","hentry","category-untergegangen"],"_links":{"self":[{"href":"https:\/\/www.mn-nachrichten.de\/index.php?rest_route=\/wp\/v2\/posts\/4078","targetHints":{"allow":["GET"]}}],"collection":[{"href":"https:\/\/www.mn-nachrichten.de\/index.php?rest_route=\/wp\/v2\/posts"}],"about":[{"href":"https:\/\/www.mn-nachrichten.de\/index.php?rest_route=\/wp\/v2\/types\/post"}],"author":[{"embeddable":true,"href":"https:\/\/www.mn-nachrichten.de\/index.php?rest_route=\/wp\/v2\/users\/202"}],"replies":[{"embeddable":true,"href":"https:\/\/www.mn-nachrichten.de\/index.php?rest_route=%2Fwp%2Fv2%2Fcomments&post=4078"}],"version-history":[{"count":7,"href":"https:\/\/www.mn-nachrichten.de\/index.php?rest_route=\/wp\/v2\/posts\/4078\/revisions"}],"predecessor-version":[{"id":4179,"href":"https:\/\/www.mn-nachrichten.de\/index.php?rest_route=\/wp\/v2\/posts\/4078\/revisions\/4179"}],"wp:attachment":[{"href":"https:\/\/www.mn-nachrichten.de\/index.php?rest_route=%2Fwp%2Fv2%2Fmedia&parent=4078"}],"wp:term":[{"taxonomy":"category","embeddable":true,"href":"https:\/\/www.mn-nachrichten.de\/index.php?rest_route=%2Fwp%2Fv2%2Fcategories&post=4078"},{"taxonomy":"post_tag","embeddable":true,"href":"https:\/\/www.mn-nachrichten.de\/index.php?rest_route=%2Fwp%2Fv2%2Ftags&post=4078"}],"curies":[{"name":"wp","href":"https:\/\/api.w.org\/{rel}","templated":true}]}}