{"id":4051,"date":"2011-06-09T22:25:59","date_gmt":"2011-06-09T20:25:59","guid":{"rendered":"http:\/\/www.mn-nachrichten.de\/?p=4051"},"modified":"2011-06-09T22:25:59","modified_gmt":"2011-06-09T20:25:59","slug":"wahlen-in-fuchsen-beginnen-holprig","status":"publish","type":"post","link":"https:\/\/www.mn-nachrichten.de\/?p=4051","title":{"rendered":"Wahlen in Fuchsen beginnen holprig!"},"content":{"rendered":"<p><strong>Klapsm\u00fchltal<\/strong> \u2013 Bis zum vierten Juni konnte man sich  entweder f\u00fcr das Amt des Pr\u00e4sidenten der Volksversammlung oder des  Obersten Richters des Landes bewerben. Ehemaliger Hofrath <em>Manfred Hilgenbecker<\/em> und Mitglied der Unternehmerfraktion <em>Alexander M\u00fcller<\/em> sind die Kandidaten f\u00fcr das Amt des VV-Pr\u00e4sidenten. <em>Karl Harvald zu Schnitzelberg<\/em> und Staatsanwalt <em>Alex Baldon<\/em> wollen das Amt des Obersten Richters ergattern. Im Vergleich zu den  bisherigen Wahlen verl\u00e4uft diese sehr ruhig. Pressemitteilungen der  Kandidaten sind nicht bekannt. Allerdings redet man aktuell nicht \u00fcber  die Kandidaten, sondern \u00fcber die Wahlpanne, die dazu gef\u00fchrt hat, das  bisher 2 W\u00e4hler aus der W\u00e4hlerevidenz keine Wahlkarte bekommen haben.  Wahlleiter <em>Hendrik Wegland<\/em> sei dabei, das Problem zu l\u00f6sen.  Sein erster Versuch, die Fehler zu beheben, scheiterte. In der  W\u00e4hlerevidenz sind im Moment 13 Personen.<\/p>\n","protected":false},"excerpt":{"rendered":"<p>Klapsm\u00fchltal \u2013 Bis zum vierten Juni konnte man sich entweder f\u00fcr das Amt des Pr\u00e4sidenten der Volksversammlung oder des Obersten Richters des Landes bewerben. Ehemaliger Hofrath Manfred Hilgenbecker und Mitglied der Unternehmerfraktion Alexander M\u00fcller sind die Kandidaten f\u00fcr das Amt des VV-Pr\u00e4sidenten. Karl Harvald zu Schnitzelberg und Staatsanwalt Alex Baldon wollen das Amt des Obersten [&hellip;]<\/p>\n","protected":false},"author":1189,"featured_media":0,"comment_status":"open","ping_status":"closed","sticky":false,"template":"","format":"standard","meta":{"_crdt_document":"","footnotes":""},"categories":[1,11],"tags":[],"class_list":["post-4051","post","type-post","status-publish","format-standard","hentry","category-international","category-fuchsen"],"_links":{"self":[{"href":"https:\/\/www.mn-nachrichten.de\/index.php?rest_route=\/wp\/v2\/posts\/4051","targetHints":{"allow":["GET"]}}],"collection":[{"href":"https:\/\/www.mn-nachrichten.de\/index.php?rest_route=\/wp\/v2\/posts"}],"about":[{"href":"https:\/\/www.mn-nachrichten.de\/index.php?rest_route=\/wp\/v2\/types\/post"}],"author":[{"embeddable":true,"href":"https:\/\/www.mn-nachrichten.de\/index.php?rest_route=\/wp\/v2\/users\/1189"}],"replies":[{"embeddable":true,"href":"https:\/\/www.mn-nachrichten.de\/index.php?rest_route=%2Fwp%2Fv2%2Fcomments&post=4051"}],"version-history":[{"count":1,"href":"https:\/\/www.mn-nachrichten.de\/index.php?rest_route=\/wp\/v2\/posts\/4051\/revisions"}],"predecessor-version":[{"id":4052,"href":"https:\/\/www.mn-nachrichten.de\/index.php?rest_route=\/wp\/v2\/posts\/4051\/revisions\/4052"}],"wp:attachment":[{"href":"https:\/\/www.mn-nachrichten.de\/index.php?rest_route=%2Fwp%2Fv2%2Fmedia&parent=4051"}],"wp:term":[{"taxonomy":"category","embeddable":true,"href":"https:\/\/www.mn-nachrichten.de\/index.php?rest_route=%2Fwp%2Fv2%2Fcategories&post=4051"},{"taxonomy":"post_tag","embeddable":true,"href":"https:\/\/www.mn-nachrichten.de\/index.php?rest_route=%2Fwp%2Fv2%2Ftags&post=4051"}],"curies":[{"name":"wp","href":"https:\/\/api.w.org\/{rel}","templated":true}]}}