{"id":4019,"date":"2011-06-02T11:56:04","date_gmt":"2011-06-02T10:56:04","guid":{"rendered":"http:\/\/www.mn-nachrichten.de\/?p=4019"},"modified":"2015-06-23T07:46:23","modified_gmt":"2015-06-23T06:46:23","slug":"merolie-volksabstimmung-uber-parlamentsreform","status":"publish","type":"post","link":"https:\/\/www.mn-nachrichten.de\/?p=4019","title":{"rendered":"[M\u00e9rolie] Volksabstimmung \u00fcber Parlamentsreform"},"content":{"rendered":"<p><strong>Orly. <\/strong>Nachdem in den \u00c9tats g\u00e9n\u00e9raux ein Kompromiss gefunden wurde, muss die Verfassungs\u00e4nderung zur Parlamentsreform nun vom Volk entschieden werden.<\/p>\n<p>Die zweite Kammer, der S\u00e9nat, wird nun doch etabliert und wird aus 100 Ernannten bestehen. Daf\u00fcr bestehen die \u00c9tats g\u00e9n\u00e9raux k\u00fcnftig nur noch aus 500 gew\u00e4hlten Volksvertretern. Der S\u00e9nat muss Initiative zeigen und bei einer Aussprache  in den \u00c9tats \u00fcber ein Gesetz Antrag auf Aussprache stellen. Ansonsten tritt das Gesetz ohne Anh\u00f6rung der zweiten Kammer in Kraft. Er besitzt aber ebenfalls Initiativrecht und kann somit ebenfalls Gesetze vorschlagen.<\/p>\n<p>Bevor die Volksabstimmung durchgef\u00fchrt wird, brauch der Entwurf noch die Zustimmung des K\u00f6nigs.<\/p>\n<p><em>(amp)<\/em><\/p>\n","protected":false},"excerpt":{"rendered":"<p>Orly. Nachdem in den \u00c9tats g\u00e9n\u00e9raux ein Kompromiss gefunden wurde, muss die Verfassungs\u00e4nderung zur Parlamentsreform nun vom Volk entschieden werden. Die zweite Kammer, der S\u00e9nat, wird nun doch etabliert und wird aus 100 Ernannten bestehen. Daf\u00fcr bestehen die \u00c9tats g\u00e9n\u00e9raux k\u00fcnftig nur noch aus 500 gew\u00e4hlten Volksvertretern. Der S\u00e9nat muss Initiative zeigen und bei einer [&hellip;]<\/p>\n","protected":false},"author":1168,"featured_media":0,"comment_status":"open","ping_status":"closed","sticky":false,"template":"","format":"standard","meta":{"_crdt_document":"","footnotes":""},"categories":[86],"tags":[],"class_list":["post-4019","post","type-post","status-publish","format-standard","hentry","category-untergegangen"],"_links":{"self":[{"href":"https:\/\/www.mn-nachrichten.de\/index.php?rest_route=\/wp\/v2\/posts\/4019","targetHints":{"allow":["GET"]}}],"collection":[{"href":"https:\/\/www.mn-nachrichten.de\/index.php?rest_route=\/wp\/v2\/posts"}],"about":[{"href":"https:\/\/www.mn-nachrichten.de\/index.php?rest_route=\/wp\/v2\/types\/post"}],"author":[{"embeddable":true,"href":"https:\/\/www.mn-nachrichten.de\/index.php?rest_route=\/wp\/v2\/users\/1168"}],"replies":[{"embeddable":true,"href":"https:\/\/www.mn-nachrichten.de\/index.php?rest_route=%2Fwp%2Fv2%2Fcomments&post=4019"}],"version-history":[{"count":3,"href":"https:\/\/www.mn-nachrichten.de\/index.php?rest_route=\/wp\/v2\/posts\/4019\/revisions"}],"predecessor-version":[{"id":4021,"href":"https:\/\/www.mn-nachrichten.de\/index.php?rest_route=\/wp\/v2\/posts\/4019\/revisions\/4021"}],"wp:attachment":[{"href":"https:\/\/www.mn-nachrichten.de\/index.php?rest_route=%2Fwp%2Fv2%2Fmedia&parent=4019"}],"wp:term":[{"taxonomy":"category","embeddable":true,"href":"https:\/\/www.mn-nachrichten.de\/index.php?rest_route=%2Fwp%2Fv2%2Fcategories&post=4019"},{"taxonomy":"post_tag","embeddable":true,"href":"https:\/\/www.mn-nachrichten.de\/index.php?rest_route=%2Fwp%2Fv2%2Ftags&post=4019"}],"curies":[{"name":"wp","href":"https:\/\/api.w.org\/{rel}","templated":true}]}}