{"id":3901,"date":"2011-04-18T23:04:14","date_gmt":"2011-04-18T21:04:14","guid":{"rendered":"http:\/\/www.mn-nachrichten.de\/?p=3901"},"modified":"2011-04-19T23:48:38","modified_gmt":"2011-04-19T21:48:38","slug":"nationalfeiertag-in-helion","status":"publish","type":"post","link":"https:\/\/www.mn-nachrichten.de\/?p=3901","title":{"rendered":"[Helion] Nationalfeiertag im F\u00fcrstentum"},"content":{"rendered":"<p>Am gestrigen 17. April beging das <a href=\"http:\/\/forum.inselstaat.eu\/index.php\">F\u00fcrstentum Helion<\/a> die Feiern zum 50. Unabh\u00e4ngigkeitstag und begr\u00fc\u00dfte zahlreiche G\u00e4ste aus aller Welt. Signore Mustafa Pedro di Rosso \u00fcbermittelte Gr\u00fc\u00dfe und W\u00fcnsche der Intesa-Staaten. In seiner Rede an die Nation betonte seine Durchlaucht, F\u00fcrst Philipp III., der helionische Nationalfeiertag sei ein Tag der Verbundenheit mit Helion, aber auch ein Tag der Gastfreundschaft und Weltoffenheit.<\/p>\n","protected":false},"excerpt":{"rendered":"<p>Am gestrigen 17. April beging das F\u00fcrstentum Helion die Feiern zum 50. Unabh\u00e4ngigkeitstag und begr\u00fc\u00dfte zahlreiche G\u00e4ste aus aller Welt. Signore Mustafa Pedro di Rosso \u00fcbermittelte Gr\u00fc\u00dfe und W\u00fcnsche der Intesa-Staaten. In seiner Rede an die Nation betonte seine Durchlaucht, F\u00fcrst Philipp III., der helionische Nationalfeiertag sei ein Tag der Verbundenheit mit Helion, aber auch [&hellip;]<\/p>\n","protected":false},"author":1099,"featured_media":0,"comment_status":"open","ping_status":"closed","sticky":false,"template":"","format":"standard","meta":{"_crdt_document":"","footnotes":""},"categories":[86],"tags":[398],"class_list":["post-3901","post","type-post","status-publish","format-standard","hentry","category-untergegangen","tag-helion"],"_links":{"self":[{"href":"https:\/\/www.mn-nachrichten.de\/index.php?rest_route=\/wp\/v2\/posts\/3901","targetHints":{"allow":["GET"]}}],"collection":[{"href":"https:\/\/www.mn-nachrichten.de\/index.php?rest_route=\/wp\/v2\/posts"}],"about":[{"href":"https:\/\/www.mn-nachrichten.de\/index.php?rest_route=\/wp\/v2\/types\/post"}],"author":[{"embeddable":true,"href":"https:\/\/www.mn-nachrichten.de\/index.php?rest_route=\/wp\/v2\/users\/1099"}],"replies":[{"embeddable":true,"href":"https:\/\/www.mn-nachrichten.de\/index.php?rest_route=%2Fwp%2Fv2%2Fcomments&post=3901"}],"version-history":[{"count":4,"href":"https:\/\/www.mn-nachrichten.de\/index.php?rest_route=\/wp\/v2\/posts\/3901\/revisions"}],"predecessor-version":[{"id":3943,"href":"https:\/\/www.mn-nachrichten.de\/index.php?rest_route=\/wp\/v2\/posts\/3901\/revisions\/3943"}],"wp:attachment":[{"href":"https:\/\/www.mn-nachrichten.de\/index.php?rest_route=%2Fwp%2Fv2%2Fmedia&parent=3901"}],"wp:term":[{"taxonomy":"category","embeddable":true,"href":"https:\/\/www.mn-nachrichten.de\/index.php?rest_route=%2Fwp%2Fv2%2Fcategories&post=3901"},{"taxonomy":"post_tag","embeddable":true,"href":"https:\/\/www.mn-nachrichten.de\/index.php?rest_route=%2Fwp%2Fv2%2Ftags&post=3901"}],"curies":[{"name":"wp","href":"https:\/\/api.w.org\/{rel}","templated":true}]}}