{"id":376,"date":"2007-08-10T17:49:18","date_gmt":"2007-08-10T15:49:18","guid":{"rendered":"http:\/\/www.mn-nachrichten.de\/?p=376"},"modified":"2007-09-06T21:21:24","modified_gmt":"2007-09-06T19:21:24","slug":"cordanien-heise-diskussion-bzgl-andro","status":"publish","type":"post","link":"https:\/\/www.mn-nachrichten.de\/?p=376","title":{"rendered":"[Cordanien] Hei\u00dfe Diskussion bzgl. Andro"},"content":{"rendered":"<p>In Cordaniens Hauptstadt rei\u00dfen die Diskussionen \u00fcber das weitere Verhalten gegen\u00fcber Andro nicht ab. Das Land, dass nicht direkt angegriffen wurde, jedoch als Nachbar und Vertragspartner Ascaarons milit\u00e4risch eingriff, als dieses von der SSU Andro \u00fcberfallen wurde, ist zur Zeit eine der drei Besatzungsm\u00e4chte im besiegten Andro. W\u00e4hrend die konservativ-liberale RFP jedoch Entsch\u00e4digungszahlungen fordert und eine weitere Besetzung f\u00fcr unerl\u00e4sslich h\u00e4lt, bis sich eine stabile Demokratie in Andro etabliert hat, lehnt die sozialistische SAC alle Forderungen Andro gegen\u00fcber ab und fordert Aufbauhilfe sowie den sofortigen Abzug der Soldaten. Die gem\u00e4\u00dfigte CL von Staatspr\u00e4sident S\u00f6llner ist von der Diskussion unvorbereitet \u00fcberrascht worden und verh\u00e4lt sich unerwartet zur\u00fcckhaltend. Die parteilose Au\u00dfenministerin Fernand\u00e9z lehnte im Staatsparlament zwar eine vorschnelle Unterzeichnung des Vertragsangebots durch Andro ab, bezog jedoch zu den inhaltlichen Fragen noch keine Stellung. W\u00e4hrend der Pr\u00e4sident nicht im Lande ist, zeichnet sich die n\u00e4chste Regierungskrise ab.<\/p>\n","protected":false},"excerpt":{"rendered":"<p>In Cordaniens Hauptstadt rei\u00dfen die Diskussionen \u00fcber das weitere Verhalten gegen\u00fcber Andro nicht ab. Das Land, dass nicht direkt angegriffen wurde, jedoch als Nachbar und Vertragspartner Ascaarons milit\u00e4risch eingriff, als dieses von der SSU Andro \u00fcberfallen wurde, ist zur Zeit eine der drei Besatzungsm\u00e4chte im besiegten Andro. W\u00e4hrend die konservativ-liberale RFP jedoch Entsch\u00e4digungszahlungen fordert und [&hellip;]<\/p>\n","protected":false},"author":47,"featured_media":0,"comment_status":"open","ping_status":"closed","sticky":false,"template":"","format":"standard","meta":{"_crdt_document":"","footnotes":""},"categories":[42],"tags":[],"class_list":["post-376","post","type-post","status-publish","format-standard","hentry","category-andro"],"_links":{"self":[{"href":"https:\/\/www.mn-nachrichten.de\/index.php?rest_route=\/wp\/v2\/posts\/376","targetHints":{"allow":["GET"]}}],"collection":[{"href":"https:\/\/www.mn-nachrichten.de\/index.php?rest_route=\/wp\/v2\/posts"}],"about":[{"href":"https:\/\/www.mn-nachrichten.de\/index.php?rest_route=\/wp\/v2\/types\/post"}],"author":[{"embeddable":true,"href":"https:\/\/www.mn-nachrichten.de\/index.php?rest_route=\/wp\/v2\/users\/47"}],"replies":[{"embeddable":true,"href":"https:\/\/www.mn-nachrichten.de\/index.php?rest_route=%2Fwp%2Fv2%2Fcomments&post=376"}],"version-history":[{"count":0,"href":"https:\/\/www.mn-nachrichten.de\/index.php?rest_route=\/wp\/v2\/posts\/376\/revisions"}],"wp:attachment":[{"href":"https:\/\/www.mn-nachrichten.de\/index.php?rest_route=%2Fwp%2Fv2%2Fmedia&parent=376"}],"wp:term":[{"taxonomy":"category","embeddable":true,"href":"https:\/\/www.mn-nachrichten.de\/index.php?rest_route=%2Fwp%2Fv2%2Fcategories&post=376"},{"taxonomy":"post_tag","embeddable":true,"href":"https:\/\/www.mn-nachrichten.de\/index.php?rest_route=%2Fwp%2Fv2%2Ftags&post=376"}],"curies":[{"name":"wp","href":"https:\/\/api.w.org\/{rel}","templated":true}]}}