{"id":366,"date":"2007-08-02T23:02:08","date_gmt":"2007-08-02T21:02:08","guid":{"rendered":"http:\/\/www.mn-nachrichten.de\/?p=366"},"modified":"2025-03-21T01:00:35","modified_gmt":"2025-03-21T00:00:35","slug":"irkanien-krawalle-in-genepohl","status":"publish","type":"post","link":"https:\/\/www.mn-nachrichten.de\/?p=366","title":{"rendered":"[Irkanien] Krawalle in Genepohl"},"content":{"rendered":"<p><strong>Irkania\/ Genepohl.<\/strong> (IrkNA) Nach der Verhaftung von mehreren Mitgliedern der terroristischen Vereinigung der marxistisch-bebelistischen Partei ist es in Genepohl zu Stra\u00dfenk\u00e4mpfen von Symphatisanten mit der Polizie und dem Milit\u00e4r gekommen. Kommunistischen Brigaden hatten das Stadtzentrum von Genepohl mit Saringranaten beschossen. Zur Beendigung der Gewalt hat Gro\u00dfadministrator Wolfram Lande eine Ausgangssperre f\u00fcr Genepohl verh\u00e4ngen lassen. Der Erzbischof der Kerk irkania kristi, Don Ramirez, rief die Irkanier zu einem friedlichen Miteinander auf.<\/p>\n<p>Nach dem Giftgasanschlag auf den Flughafen und einen Bekennerschreiben der marxistisch-bebelistischen Partei, die mit dem Anschlag vor allem Irkanien und seine Wirtschaft treffen wollte und so einen Umsturz herbeif\u00fchren wollte, verhaftete die irkanische Polizei mehrere bekennende Mitglieder der terroristischen Vereinigung. Im Zuge der Verhaftungen kam es zu Krawallen durch Sympahtisanten der Kommunisten vor allem in den Stadtteilen Westhafen und Grabsteinh\u00fcgel von Genepohl. Am sp\u00e4teren Nachmittag wurde die Innenstadt von Genepohl mit Sarin und Sprenggranaten aus dem Stadtteil Grabsteinh\u00fcgel beschossen, dabei wurden mehrere Menschen schwer verletzt und eine jahrhunderte alte Kapelle zerst\u00f6rt.<\/p>\n<p>Die irkanische Armee gab an, dass sie inzwischen die Stadtteile Westhafen und Grabsteinh\u00fcgel unter Kontrolle gebracht hat. Am Abend wurde noch von einzelnen K\u00e4mpfen berichtet und eine dichte Rauchwolke \u00fcber den Viertel gelegen.<\/p>\n","protected":false},"excerpt":{"rendered":"<p>Irkania\/ Genepohl. (IrkNA) Nach der Verhaftung von mehreren Mitgliedern der terroristischen Vereinigung der marxistisch-bebelistischen Partei ist es in Genepohl zu Stra\u00dfenk\u00e4mpfen von Symphatisanten mit der Polizie und dem Milit\u00e4r gekommen. Kommunistischen Brigaden hatten das Stadtzentrum von Genepohl mit Saringranaten beschossen. Zur Beendigung der Gewalt hat Gro\u00dfadministrator Wolfram Lande eine Ausgangssperre f\u00fcr Genepohl verh\u00e4ngen lassen. Der [&hellip;]<\/p>\n","protected":false},"author":42,"featured_media":0,"comment_status":"open","ping_status":"closed","sticky":false,"template":"","format":"standard","meta":{"_crdt_document":"","footnotes":""},"categories":[968],"tags":[],"class_list":["post-366","post","type-post","status-publish","format-standard","hentry","category-irkanien"],"_links":{"self":[{"href":"https:\/\/www.mn-nachrichten.de\/index.php?rest_route=\/wp\/v2\/posts\/366","targetHints":{"allow":["GET"]}}],"collection":[{"href":"https:\/\/www.mn-nachrichten.de\/index.php?rest_route=\/wp\/v2\/posts"}],"about":[{"href":"https:\/\/www.mn-nachrichten.de\/index.php?rest_route=\/wp\/v2\/types\/post"}],"author":[{"embeddable":true,"href":"https:\/\/www.mn-nachrichten.de\/index.php?rest_route=\/wp\/v2\/users\/42"}],"replies":[{"embeddable":true,"href":"https:\/\/www.mn-nachrichten.de\/index.php?rest_route=%2Fwp%2Fv2%2Fcomments&post=366"}],"version-history":[{"count":1,"href":"https:\/\/www.mn-nachrichten.de\/index.php?rest_route=\/wp\/v2\/posts\/366\/revisions"}],"predecessor-version":[{"id":10416,"href":"https:\/\/www.mn-nachrichten.de\/index.php?rest_route=\/wp\/v2\/posts\/366\/revisions\/10416"}],"wp:attachment":[{"href":"https:\/\/www.mn-nachrichten.de\/index.php?rest_route=%2Fwp%2Fv2%2Fmedia&parent=366"}],"wp:term":[{"taxonomy":"category","embeddable":true,"href":"https:\/\/www.mn-nachrichten.de\/index.php?rest_route=%2Fwp%2Fv2%2Fcategories&post=366"},{"taxonomy":"post_tag","embeddable":true,"href":"https:\/\/www.mn-nachrichten.de\/index.php?rest_route=%2Fwp%2Fv2%2Ftags&post=366"}],"curies":[{"name":"wp","href":"https:\/\/api.w.org\/{rel}","templated":true}]}}