{"id":3545,"date":"2010-08-12T13:19:12","date_gmt":"2010-08-12T11:19:12","guid":{"rendered":"http:\/\/www.mn-nachrichten.de\/?p=3545"},"modified":"2010-08-12T13:20:08","modified_gmt":"2010-08-12T11:20:08","slug":"merkellen-revision-der-orts-und-personennamen","status":"publish","type":"post","link":"https:\/\/www.mn-nachrichten.de\/?p=3545","title":{"rendered":"[Merkellen] Revision der Orts- und Personennamen"},"content":{"rendered":"<p><strong>Anjel.<\/strong> Nach beinahe genau einem Jahr der Unabh\u00e4ngigkeit der Merkellen geht die Regierung in die linguistische Offensive. Alle merkellischen B\u00fcrger sind angehalten, Ihre Namen den Regeln der merkellischen Sprache anzupassen. Ebenso sollen die Namen von Orten merkellisiert werden. Dazu geh\u00f6ren zuoberst die Namen des Landes und des Suverenos selbst.<\/p>\n<p><!--more-->Anais Pilo, die Administranto di Edukado e Kulturo, k\u00fcndigte diesen Schritt als absolut notwendig an und betonte, dass das der St\u00e4rkung der merkellischen Identit\u00e4t diene:<\/p>\n<p>&#8222;<em>Nat\u00fcrlich wird niemand dazu gezwungen, seinen Namen zu merkellisieren, aber gerade jetzt, wo die doppelten Staatsb\u00fcrgerschaften nach dem Friedensvertrag mit Grasonce wegfallen, ist es besonders wichtig, die merkellische Identit\u00e4t zu st\u00e4rken. Viele Namen beinhalten etwa noch Doppelkonsonanten, was absolut un\u00fcblich f\u00fcr unsere Sprache ist. Dazu geh\u00f6ren auch und an erster Stelle die merkellischen Namen unseres Staates und der Name unseres Suverenos.<\/em>&#8220;<\/p>\n<p>Noch befindet man sich in der Phase der Revision, doch nach einem ausf\u00fchrlichen Bericht nebst Liste wird man beginnen, die Ortsnamen zu \u00e4ndern, die noch grasoncische Elemente in sich haben. Als sicher gilt, dass die merkellische Eigenbezeichnung (Libera Republiko di la Merkelli) k\u00fcnftig voraussichtlich Libera Republiko di Merkeli lauten wird. An der imperianischen \u00dcbersetzung (Freie Republik der Merkellen) \u00e4ndert sich jedoch nichts.<\/p>\n","protected":false},"excerpt":{"rendered":"<p>Anjel. Nach beinahe genau einem Jahr der Unabh\u00e4ngigkeit der Merkellen geht die Regierung in die linguistische Offensive. Alle merkellischen B\u00fcrger sind angehalten, Ihre Namen den Regeln der merkellischen Sprache anzupassen. Ebenso sollen die Namen von Orten merkellisiert werden. Dazu geh\u00f6ren zuoberst die Namen des Landes und des Suverenos selbst.<\/p>\n","protected":false},"author":252,"featured_media":0,"comment_status":"open","ping_status":"closed","sticky":false,"template":"","format":"standard","meta":{"_crdt_document":"","footnotes":""},"categories":[6],"tags":[],"class_list":["post-3545","post","type-post","status-publish","format-standard","hentry","category-kultur"],"_links":{"self":[{"href":"https:\/\/www.mn-nachrichten.de\/index.php?rest_route=\/wp\/v2\/posts\/3545","targetHints":{"allow":["GET"]}}],"collection":[{"href":"https:\/\/www.mn-nachrichten.de\/index.php?rest_route=\/wp\/v2\/posts"}],"about":[{"href":"https:\/\/www.mn-nachrichten.de\/index.php?rest_route=\/wp\/v2\/types\/post"}],"author":[{"embeddable":true,"href":"https:\/\/www.mn-nachrichten.de\/index.php?rest_route=\/wp\/v2\/users\/252"}],"replies":[{"embeddable":true,"href":"https:\/\/www.mn-nachrichten.de\/index.php?rest_route=%2Fwp%2Fv2%2Fcomments&post=3545"}],"version-history":[{"count":2,"href":"https:\/\/www.mn-nachrichten.de\/index.php?rest_route=\/wp\/v2\/posts\/3545\/revisions"}],"predecessor-version":[{"id":3547,"href":"https:\/\/www.mn-nachrichten.de\/index.php?rest_route=\/wp\/v2\/posts\/3545\/revisions\/3547"}],"wp:attachment":[{"href":"https:\/\/www.mn-nachrichten.de\/index.php?rest_route=%2Fwp%2Fv2%2Fmedia&parent=3545"}],"wp:term":[{"taxonomy":"category","embeddable":true,"href":"https:\/\/www.mn-nachrichten.de\/index.php?rest_route=%2Fwp%2Fv2%2Fcategories&post=3545"},{"taxonomy":"post_tag","embeddable":true,"href":"https:\/\/www.mn-nachrichten.de\/index.php?rest_route=%2Fwp%2Fv2%2Ftags&post=3545"}],"curies":[{"name":"wp","href":"https:\/\/api.w.org\/{rel}","templated":true}]}}