{"id":3532,"date":"2010-08-05T11:19:21","date_gmt":"2010-08-05T09:19:21","guid":{"rendered":"http:\/\/www.mn-nachrichten.de\/?p=3532"},"modified":"2010-08-05T11:19:21","modified_gmt":"2010-08-05T09:19:21","slug":"anschlus-der-sozialistichen-republik-caribo-an-die-republik-am-tierpark","status":"publish","type":"post","link":"https:\/\/www.mn-nachrichten.de\/?p=3532","title":{"rendered":"Anschlu\u00df der Sozialistichen Republik Caribo an die Republik am Tierpark"},"content":{"rendered":"<p>Hirschiegrad, den 26. Juli 2010 \/ 05. August 2010<\/p>\n<p>Mit Wirkung vom 28. Juli 2010 trat die Sozialistische Republik Caribo der Unabh\u00e4ngigen Sozialistischen Sowjetrepublk am Tierpark bei. &#8222;El Presidente&#8220; Juan Garc\u00eda Jim\u00e9nez begab sich am 26. Juli zu einem Staatsbesuch in die USSRAT. Grund daf\u00fcr waren innere Querelen der sich immer mehr &#8222;bewaffnenden angeblichen Demokraten&#8220; deren Ziel wohl eine Milit\u00e4rdiktatur sei. Laut Angaben des Geheimdienstes der USSRAT wird ein gewisser Batisto daf\u00fcr als &#8222;Ursprung der Quelle des B\u00f6sen&#8220; gesehen, dennoch sind genaue Angaben zu der Thematik nur schwer zu machen. Es flie\u00dfen dar\u00fcbr kaum Informationen.<\/p>\n<p>Durch den Beitritt der SR Caribo zur USSRAT, soll ein Umsturz vermieden werden, zudem gibt es sehr gute wirtschaftliche Gr\u00fcnde daf\u00fcr. Es wird eine enge Zusammenarbeit zwischen dem eigentlichen Staatsgebiet der USSRAT und der jetz Autonomen Sozialistischen Republik angestrebt, die wohl gerade f\u00fcr die B\u00fcrger Caribos eine Steigerung der Lebensqualit\u00e4t, des allgemeinen Lebensstandard auf Caribo bringen k\u00f6nnte. Derzeit werden im Volkskommissariat f\u00fcr Wirtschaft und Finanzen Pl\u00e4ne zur wirtschaftlichen Zusammenarbeit erarbeitet. <\/p>\n<p>Probleme d\u00fcrfte es nur mit Juan Garc\u00eda Jim\u00e9nez am sich geben, da er laut Aussagen aus internen Kreisen im Volkskommissariat des \u00c4u\u00dferen, als eher engstirnig gilt. Es wird wohl sehr viel Fingerspitzengef\u00fchl gefragt sein, bei der k\u00fcnftigen Zusammenarbeit. Reaktionen aus dem Ausland sind bisher noch nicht erekentlich.<\/p>\n<p>Tilo Walther<\/p>\n","protected":false},"excerpt":{"rendered":"<p>Hirschiegrad, den 26. Juli 2010 \/ 05. August 2010 Mit Wirkung vom 28. Juli 2010 trat die Sozialistische Republik Caribo der Unabh\u00e4ngigen Sozialistischen Sowjetrepublk am Tierpark bei. &#8222;El Presidente&#8220; Juan Garc\u00eda Jim\u00e9nez begab sich am 26. Juli zu einem Staatsbesuch in die USSRAT. Grund daf\u00fcr waren innere Querelen der sich immer mehr &#8222;bewaffnenden angeblichen Demokraten&#8220; [&hellip;]<\/p>\n","protected":false},"author":124,"featured_media":0,"comment_status":"open","ping_status":"closed","sticky":false,"template":"","format":"standard","meta":{"_crdt_document":"","footnotes":""},"categories":[1],"tags":[],"class_list":["post-3532","post","type-post","status-publish","format-standard","hentry","category-international"],"_links":{"self":[{"href":"https:\/\/www.mn-nachrichten.de\/index.php?rest_route=\/wp\/v2\/posts\/3532","targetHints":{"allow":["GET"]}}],"collection":[{"href":"https:\/\/www.mn-nachrichten.de\/index.php?rest_route=\/wp\/v2\/posts"}],"about":[{"href":"https:\/\/www.mn-nachrichten.de\/index.php?rest_route=\/wp\/v2\/types\/post"}],"author":[{"embeddable":true,"href":"https:\/\/www.mn-nachrichten.de\/index.php?rest_route=\/wp\/v2\/users\/124"}],"replies":[{"embeddable":true,"href":"https:\/\/www.mn-nachrichten.de\/index.php?rest_route=%2Fwp%2Fv2%2Fcomments&post=3532"}],"version-history":[{"count":1,"href":"https:\/\/www.mn-nachrichten.de\/index.php?rest_route=\/wp\/v2\/posts\/3532\/revisions"}],"predecessor-version":[{"id":3533,"href":"https:\/\/www.mn-nachrichten.de\/index.php?rest_route=\/wp\/v2\/posts\/3532\/revisions\/3533"}],"wp:attachment":[{"href":"https:\/\/www.mn-nachrichten.de\/index.php?rest_route=%2Fwp%2Fv2%2Fmedia&parent=3532"}],"wp:term":[{"taxonomy":"category","embeddable":true,"href":"https:\/\/www.mn-nachrichten.de\/index.php?rest_route=%2Fwp%2Fv2%2Fcategories&post=3532"},{"taxonomy":"post_tag","embeddable":true,"href":"https:\/\/www.mn-nachrichten.de\/index.php?rest_route=%2Fwp%2Fv2%2Ftags&post=3532"}],"curies":[{"name":"wp","href":"https:\/\/api.w.org\/{rel}","templated":true}]}}