{"id":325,"date":"2007-07-12T09:06:36","date_gmt":"2007-07-12T07:06:36","guid":{"rendered":"http:\/\/www.mn-nachrichten.de\/?p=325"},"modified":"2007-07-12T09:06:36","modified_gmt":"2007-07-12T07:06:36","slug":"andrea-nahles-in-balakonien-angekommen","status":"publish","type":"post","link":"https:\/\/www.mn-nachrichten.de\/?p=325","title":{"rendered":"Andrea Nahles in Balakonien angekommen"},"content":{"rendered":"<p><strong>Bergen \/ Balakonien (12.07.2007) &#8211; <\/strong>Die ehemalige bergische Bundespolitikerin konnte am gestrigen Tag das bergische Land fl\u00fcchtig verlassen nachdem sie aus dem Krankenhaus entkommen war. Als erstes Ziel steuerte diese dann Balakonien an, wo sie bereits ihre Staatsb\u00fcrgerschaft beantragt hat.<\/p>\n<p>Grund f\u00fcr ihre Flucht war die weiter starke Behauptung, dass sie der Terrorvereinigung &#8222;Bund Bergischer B\u00fcrger&#8220; angeh\u00f6rte. &#8222;Ich habe meinen einstigen Assistenten aber im Nebenraum bei einer internationalen Feier stoppen k\u00f6nnen einen Sprengstoff zu z\u00fcnden. Daher ziehe ich lieber fort und werde nun einige L\u00e4nder bereisen.&#8220; so die Politikerin.<\/p>\n<p>Gleichzeitig aber wird der BFS Bergen e.V. auch weiterhin nach dem \u00fcberraschend starken 3. Platz in der Bergischen Bundesliga den Spielbetrieb fortsetzen. &#8222;Wir haben uns ja fristgerecht angemeldet. Der neuen Bundesregierung aber w\u00fcnsche ich mehr Durchblick und ich hoffe, dass die Anschuldigungen bald gegen mich verschwinden und wieder ein normales Miteinander m\u00f6glich sein wird.&#8220; so die Hoffnung von Andrea Nahles.<\/p>\n","protected":false},"excerpt":{"rendered":"<p>Bergen \/ Balakonien (12.07.2007) &#8211; Die ehemalige bergische Bundespolitikerin konnte am gestrigen Tag das bergische Land fl\u00fcchtig verlassen nachdem sie aus dem Krankenhaus entkommen war. Als erstes Ziel steuerte diese dann Balakonien an, wo sie bereits ihre Staatsb\u00fcrgerschaft beantragt hat. Grund f\u00fcr ihre Flucht war die weiter starke Behauptung, dass sie der Terrorvereinigung &#8222;Bund Bergischer [&hellip;]<\/p>\n","protected":false},"author":74,"featured_media":0,"comment_status":"open","ping_status":"closed","sticky":false,"template":"","format":"standard","meta":{"_crdt_document":"","footnotes":""},"categories":[1,39],"tags":[],"class_list":["post-325","post","type-post","status-publish","format-standard","hentry","category-international","category-bergen"],"_links":{"self":[{"href":"https:\/\/www.mn-nachrichten.de\/index.php?rest_route=\/wp\/v2\/posts\/325","targetHints":{"allow":["GET"]}}],"collection":[{"href":"https:\/\/www.mn-nachrichten.de\/index.php?rest_route=\/wp\/v2\/posts"}],"about":[{"href":"https:\/\/www.mn-nachrichten.de\/index.php?rest_route=\/wp\/v2\/types\/post"}],"author":[{"embeddable":true,"href":"https:\/\/www.mn-nachrichten.de\/index.php?rest_route=\/wp\/v2\/users\/74"}],"replies":[{"embeddable":true,"href":"https:\/\/www.mn-nachrichten.de\/index.php?rest_route=%2Fwp%2Fv2%2Fcomments&post=325"}],"version-history":[{"count":0,"href":"https:\/\/www.mn-nachrichten.de\/index.php?rest_route=\/wp\/v2\/posts\/325\/revisions"}],"wp:attachment":[{"href":"https:\/\/www.mn-nachrichten.de\/index.php?rest_route=%2Fwp%2Fv2%2Fmedia&parent=325"}],"wp:term":[{"taxonomy":"category","embeddable":true,"href":"https:\/\/www.mn-nachrichten.de\/index.php?rest_route=%2Fwp%2Fv2%2Fcategories&post=325"},{"taxonomy":"post_tag","embeddable":true,"href":"https:\/\/www.mn-nachrichten.de\/index.php?rest_route=%2Fwp%2Fv2%2Ftags&post=325"}],"curies":[{"name":"wp","href":"https:\/\/api.w.org\/{rel}","templated":true}]}}