{"id":3163,"date":"2010-01-01T18:18:26","date_gmt":"2010-01-01T16:18:26","guid":{"rendered":"http:\/\/www.mn-nachrichten.de\/?p=3163"},"modified":"2010-01-01T18:18:36","modified_gmt":"2010-01-01T16:18:36","slug":"nordanien-ministerprasidentin-sternberger-zuruckgetreten","status":"publish","type":"post","link":"https:\/\/www.mn-nachrichten.de\/?p=3163","title":{"rendered":"[Nordanien] Ministerpr\u00e4sidentin Sternberger zur\u00fcckgetreten"},"content":{"rendered":"<p><strong>D\u00fcssbach (NTV)<\/strong> &#8211; Das Jahr 2010 beginnt in Nordanien mit einem Paukenschlag. In ihrem Gru\u00dfwort zum Neuen Jahr am 1. Januar 2010 gab die Ministerpr\u00e4sidentin der Konf\u00f6deration Nordanien ihren R\u00fccktritt bekannt. Sternberger hatte Nordanien seit seiner Umwandlung in eine Konf\u00f6deration im Sommer 2008 gef\u00fchrt. Die ehemalige Journalistin begr\u00fcndete diesen Schritt mit der mangelnden Aktiivit\u00e4t und Unterst\u00fctzung f\u00fcr die Konf\u00f6deration insbesondere aus Greenland und der Hauptstadt D\u00fcssbach. Zudem wies sie auf den gef\u00e4hrlichen Regionalismus des Freistaates Badonien hin und die mangelnde Aktivit\u00e4t ihrer Kabinettsmitglieder.<\/p>\n<p>Es ist noch unklar, wer ihr nachfolgen wird. Laut Verfassung hat die Konf\u00f6derationsversammlung einen Nachfolger zu w\u00e4hlen. Da Nordanien in zahlreiche Nationalit\u00e4ten und Regionalismen gespalten ist, wird es niemand leicht haben, ausreichende Unterst\u00fctzung im Parlament zu bekommen. Erste Stellungnahmen aus dem aktivsten, gr\u00f6\u00dften aber auch eigenwilligsten Konf\u00f6derationsland Badonien lassen eine gewisse Zufriedenheit mit dem R\u00fccktritt Sternbergers erkennen. Sternberger stammt zwar selbst aus Badonien, hatte aber im Sommer 2009 einen Putschversuch der ehemaligen Landesvorsitenden von Badonien Sophia von Badenburg niederschlagen m\u00fcssen. Allgemein geht man davon aus in Nordanien, dass der Nachfolger f\u00fcr Sternberger aus der Hauptstadt D\u00fcssbach oder dem n\u00f6rdlichen Bundesland Greenland stammen sollte. Sternberger f\u00fchrt auch die Liberale Partei Nordaniens und hat angek\u00fcndigt, sich nicht aus nordanischen Politik zur\u00fcckziehen zu wollen.<\/p>\n","protected":false},"excerpt":{"rendered":"<p>D\u00fcssbach (NTV) &#8211; Das Jahr 2010 beginnt in Nordanien mit einem Paukenschlag. In ihrem Gru\u00dfwort zum Neuen Jahr am 1. Januar 2010 gab die Ministerpr\u00e4sidentin der Konf\u00f6deration Nordanien ihren R\u00fccktritt bekannt. Sternberger hatte Nordanien seit seiner Umwandlung in eine Konf\u00f6deration im Sommer 2008 gef\u00fchrt. Die ehemalige Journalistin begr\u00fcndete diesen Schritt mit der mangelnden Aktiivit\u00e4t und [&hellip;]<\/p>\n","protected":false},"author":118,"featured_media":0,"comment_status":"open","ping_status":"closed","sticky":false,"template":"","format":"standard","meta":{"_crdt_document":"","footnotes":""},"categories":[86],"tags":[],"class_list":["post-3163","post","type-post","status-publish","format-standard","hentry","category-untergegangen"],"_links":{"self":[{"href":"https:\/\/www.mn-nachrichten.de\/index.php?rest_route=\/wp\/v2\/posts\/3163","targetHints":{"allow":["GET"]}}],"collection":[{"href":"https:\/\/www.mn-nachrichten.de\/index.php?rest_route=\/wp\/v2\/posts"}],"about":[{"href":"https:\/\/www.mn-nachrichten.de\/index.php?rest_route=\/wp\/v2\/types\/post"}],"author":[{"embeddable":true,"href":"https:\/\/www.mn-nachrichten.de\/index.php?rest_route=\/wp\/v2\/users\/118"}],"replies":[{"embeddable":true,"href":"https:\/\/www.mn-nachrichten.de\/index.php?rest_route=%2Fwp%2Fv2%2Fcomments&post=3163"}],"version-history":[{"count":2,"href":"https:\/\/www.mn-nachrichten.de\/index.php?rest_route=\/wp\/v2\/posts\/3163\/revisions"}],"predecessor-version":[{"id":3165,"href":"https:\/\/www.mn-nachrichten.de\/index.php?rest_route=\/wp\/v2\/posts\/3163\/revisions\/3165"}],"wp:attachment":[{"href":"https:\/\/www.mn-nachrichten.de\/index.php?rest_route=%2Fwp%2Fv2%2Fmedia&parent=3163"}],"wp:term":[{"taxonomy":"category","embeddable":true,"href":"https:\/\/www.mn-nachrichten.de\/index.php?rest_route=%2Fwp%2Fv2%2Fcategories&post=3163"},{"taxonomy":"post_tag","embeddable":true,"href":"https:\/\/www.mn-nachrichten.de\/index.php?rest_route=%2Fwp%2Fv2%2Ftags&post=3163"}],"curies":[{"name":"wp","href":"https:\/\/api.w.org\/{rel}","templated":true}]}}