{"id":310,"date":"2007-07-01T16:56:30","date_gmt":"2007-07-01T14:56:30","guid":{"rendered":"http:\/\/www.mn-nachrichten.de\/?p=310"},"modified":"2007-07-01T16:56:30","modified_gmt":"2007-07-01T14:56:30","slug":"andro-kapitulation","status":"publish","type":"post","link":"https:\/\/www.mn-nachrichten.de\/?p=310","title":{"rendered":"[Andro] Kapitulation"},"content":{"rendered":"<p>Andro hat kapituliert. Der Krieg ist zuende. Gestern nahm der Oberkommandierende der dreib\u00fcrgischen Expeditionsstreikkr\u00e4fte Justus von Trotha die Kapitulation aller Sowjetatreitkr\u00e4fte entgegen. W\u00e4hrend dessen wurde auch in der fuchsener Friedenskonferenz die Kapitulation erkl\u00e4rt. Eine Delegation der SSU Andro reist noch zur Stunde nach Neuenkirchen um dort ebenfalls die Kapitulation zu unterzeichnen.<\/p>\n<p>Weitere Kapitulationsunterzeichnungen finden in der Hauptstadt Andros in Koskow statt.<\/p>\n<p>Die provisorische Regierung unter Gregori Brylinski nahm unterdess die Arbeit auf. Bald schon soll ein Volksentscheid kl\u00e4ren, welche Staatsform Andro k\u00fcnftig haben wird.<\/p>\n","protected":false},"excerpt":{"rendered":"<p>Andro hat kapituliert. Der Krieg ist zuende. Gestern nahm der Oberkommandierende der dreib\u00fcrgischen Expeditionsstreikkr\u00e4fte Justus von Trotha die Kapitulation aller Sowjetatreitkr\u00e4fte entgegen. W\u00e4hrend dessen wurde auch in der fuchsener Friedenskonferenz die Kapitulation erkl\u00e4rt. Eine Delegation der SSU Andro reist noch zur Stunde nach Neuenkirchen um dort ebenfalls die Kapitulation zu unterzeichnen. Weitere Kapitulationsunterzeichnungen finden in [&hellip;]<\/p>\n","protected":false},"author":63,"featured_media":0,"comment_status":"open","ping_status":"closed","sticky":false,"template":"","format":"standard","meta":{"_crdt_document":"","footnotes":""},"categories":[1],"tags":[],"class_list":["post-310","post","type-post","status-publish","format-standard","hentry","category-international"],"_links":{"self":[{"href":"https:\/\/www.mn-nachrichten.de\/index.php?rest_route=\/wp\/v2\/posts\/310","targetHints":{"allow":["GET"]}}],"collection":[{"href":"https:\/\/www.mn-nachrichten.de\/index.php?rest_route=\/wp\/v2\/posts"}],"about":[{"href":"https:\/\/www.mn-nachrichten.de\/index.php?rest_route=\/wp\/v2\/types\/post"}],"author":[{"embeddable":true,"href":"https:\/\/www.mn-nachrichten.de\/index.php?rest_route=\/wp\/v2\/users\/63"}],"replies":[{"embeddable":true,"href":"https:\/\/www.mn-nachrichten.de\/index.php?rest_route=%2Fwp%2Fv2%2Fcomments&post=310"}],"version-history":[{"count":0,"href":"https:\/\/www.mn-nachrichten.de\/index.php?rest_route=\/wp\/v2\/posts\/310\/revisions"}],"wp:attachment":[{"href":"https:\/\/www.mn-nachrichten.de\/index.php?rest_route=%2Fwp%2Fv2%2Fmedia&parent=310"}],"wp:term":[{"taxonomy":"category","embeddable":true,"href":"https:\/\/www.mn-nachrichten.de\/index.php?rest_route=%2Fwp%2Fv2%2Fcategories&post=310"},{"taxonomy":"post_tag","embeddable":true,"href":"https:\/\/www.mn-nachrichten.de\/index.php?rest_route=%2Fwp%2Fv2%2Ftags&post=310"}],"curies":[{"name":"wp","href":"https:\/\/api.w.org\/{rel}","templated":true}]}}