{"id":3090,"date":"2009-11-29T18:50:29","date_gmt":"2009-11-29T16:50:29","guid":{"rendered":"http:\/\/www.mn-nachrichten.de\/?p=3090"},"modified":"2009-11-29T18:50:29","modified_gmt":"2009-11-29T16:50:29","slug":"ascaaron-rkes-aufgelost","status":"publish","type":"post","link":"https:\/\/www.mn-nachrichten.de\/?p=3090","title":{"rendered":"[Ascaaron] RKES aufgel\u00f6st"},"content":{"rendered":"<p>Berino- Der Rat f\u00fcr Kooperation, Entwicklung und Sicherheit wurde im Einvernehmen der 4 Mitgliedsstaaten aufgel\u00f6st. Begr\u00fcndet wird dies mit der Inaktivit\u00e4t des Rates sowie der dauerhaft niedrigen Zustimmung durch die Bev\u00f6lkerung der Mitgliedsstaaten. Zuletzt waren Bergen, Sabisko, Nordanien und Andro Mitglieder. Ehemalige waren Cordanien, Eranien, Ascaaron.<\/p>\n<p>Die 4 Delegierten beschlossen aber, dass sich die Regierungen der ehemaligen Mitglieder regelm\u00e4\u00dfig zu Konferenzen treffen und sich st\u00e4rker in die UVNO und deren angeschlossenen Organisationen beteidigen wollen.<\/p>\n","protected":false},"excerpt":{"rendered":"<p>Berino- Der Rat f\u00fcr Kooperation, Entwicklung und Sicherheit wurde im Einvernehmen der 4 Mitgliedsstaaten aufgel\u00f6st. Begr\u00fcndet wird dies mit der Inaktivit\u00e4t des Rates sowie der dauerhaft niedrigen Zustimmung durch die Bev\u00f6lkerung der Mitgliedsstaaten. Zuletzt waren Bergen, Sabisko, Nordanien und Andro Mitglieder. Ehemalige waren Cordanien, Eranien, Ascaaron. Die 4 Delegierten beschlossen aber, dass sich die Regierungen [&hellip;]<\/p>\n","protected":false},"author":123,"featured_media":0,"comment_status":"open","ping_status":"closed","sticky":false,"template":"","format":"standard","meta":{"_crdt_document":"","footnotes":""},"categories":[1,42,39],"tags":[],"class_list":["post-3090","post","type-post","status-publish","format-standard","hentry","category-international","category-andro","category-bergen"],"_links":{"self":[{"href":"https:\/\/www.mn-nachrichten.de\/index.php?rest_route=\/wp\/v2\/posts\/3090","targetHints":{"allow":["GET"]}}],"collection":[{"href":"https:\/\/www.mn-nachrichten.de\/index.php?rest_route=\/wp\/v2\/posts"}],"about":[{"href":"https:\/\/www.mn-nachrichten.de\/index.php?rest_route=\/wp\/v2\/types\/post"}],"author":[{"embeddable":true,"href":"https:\/\/www.mn-nachrichten.de\/index.php?rest_route=\/wp\/v2\/users\/123"}],"replies":[{"embeddable":true,"href":"https:\/\/www.mn-nachrichten.de\/index.php?rest_route=%2Fwp%2Fv2%2Fcomments&post=3090"}],"version-history":[{"count":1,"href":"https:\/\/www.mn-nachrichten.de\/index.php?rest_route=\/wp\/v2\/posts\/3090\/revisions"}],"predecessor-version":[{"id":3091,"href":"https:\/\/www.mn-nachrichten.de\/index.php?rest_route=\/wp\/v2\/posts\/3090\/revisions\/3091"}],"wp:attachment":[{"href":"https:\/\/www.mn-nachrichten.de\/index.php?rest_route=%2Fwp%2Fv2%2Fmedia&parent=3090"}],"wp:term":[{"taxonomy":"category","embeddable":true,"href":"https:\/\/www.mn-nachrichten.de\/index.php?rest_route=%2Fwp%2Fv2%2Fcategories&post=3090"},{"taxonomy":"post_tag","embeddable":true,"href":"https:\/\/www.mn-nachrichten.de\/index.php?rest_route=%2Fwp%2Fv2%2Ftags&post=3090"}],"curies":[{"name":"wp","href":"https:\/\/api.w.org\/{rel}","templated":true}]}}