{"id":3003,"date":"2009-11-09T22:21:54","date_gmt":"2009-11-09T20:21:54","guid":{"rendered":"http:\/\/www.mn-nachrichten.de\/?p=3003"},"modified":"2009-11-09T22:28:22","modified_gmt":"2009-11-09T20:28:22","slug":"andro-nikita-breschnew-neuer-ministerprasident","status":"publish","type":"post","link":"https:\/\/www.mn-nachrichten.de\/?p=3003","title":{"rendered":"[Andro] Nikita Breschnew neuer Ministerpr\u00e4sident"},"content":{"rendered":"<p>Koskow- Es ist nicht lange her, da wurde erst der II. Ministerpr\u00e4sident gew\u00e4hlt. Der Altzar Iwan Godunow. Doch seine erneute Karriere w\u00e4hrte nicht lange, und brachte ihn schnell zu Fall. Einem Misstrauensvotum entging er durch R\u00fccktritt.<br \/>\nNun in Zeiten der schweren Krise, wirtschaftlich wie gesellschaftlich, w\u00e4hlte das Volk den Vater der Verfassung, Nikita Breschnew zum neuen Ministerpr\u00e4sidenten. Er erhielt 55% der Stimmen.<br \/>\nSein Kontrahend und F\u00fchrer der Sozialistischen Volksbewegung, Jakow Susman, wurde mit 27% abgestraft (zuletzt 46%). Der 3. Kandidat, der ehemalige Khan Almachistans Dymko Semenow erhielt immerhin 18%.<br \/>\n<!--more--><br \/>\nEs ist nun an Breschnew, f\u00fcr Ruhe und Ordnung zu sorgen. Der R\u00fccktritt des letzten Ministerpr\u00e4sidenten versetze Andro einen schweren Schlag. Durch das permanente nicht angehen der n\u00f6tigen Reformen f\u00fcr Umwelt und Wirtschaft, kam es erstmals seit Jahren in Andro zu einer Lebensmittelknappheit und Versorgungsengp\u00e4ssen.<br \/>\nUm Pl\u00fcnderungen einzud\u00e4mmen, wurde die Polizei eingesetzt, Lebensmittell\u00e4den zu sch\u00fctzen. Der Ausnahmezustand wurde in den Pl\u00fcnderungsgebieten ausgerufen. Zeitgleich bekann im Kramatorsk, n\u00f6rdlich von Koskow, ein Aufstand, angef\u00fchrt von sozialistischen Gruppen. Der Dumaabgeordnete und zugleich Gegenkandidat Breschnews, Jakow Susman, war nicht bereit, die Pl\u00e4ne zur Sicherung der \u00f6ffentlichen Ordnung zu unterst\u00fctzen. Passiv half er den &#8222;Aufst\u00e4ndischen&#8220;, durch Blockade der Duma.<br \/>\nNun wurde seine Politik klar abgew\u00e4hlt. Breschnew kann auf eine Mehrheit der Demokraten und Konservativen bauen.<\/p>\n","protected":false},"excerpt":{"rendered":"<p>Koskow- Es ist nicht lange her, da wurde erst der II. Ministerpr\u00e4sident gew\u00e4hlt. Der Altzar Iwan Godunow. Doch seine erneute Karriere w\u00e4hrte nicht lange, und brachte ihn schnell zu Fall. Einem Misstrauensvotum entging er durch R\u00fccktritt. Nun in Zeiten der schweren Krise, wirtschaftlich wie gesellschaftlich, w\u00e4hlte das Volk den Vater der Verfassung, Nikita Breschnew zum [&hellip;]<\/p>\n","protected":false},"author":123,"featured_media":0,"comment_status":"open","ping_status":"closed","sticky":false,"template":"","format":"standard","meta":{"_crdt_document":"","footnotes":""},"categories":[42],"tags":[],"class_list":["post-3003","post","type-post","status-publish","format-standard","hentry","category-andro"],"_links":{"self":[{"href":"https:\/\/www.mn-nachrichten.de\/index.php?rest_route=\/wp\/v2\/posts\/3003","targetHints":{"allow":["GET"]}}],"collection":[{"href":"https:\/\/www.mn-nachrichten.de\/index.php?rest_route=\/wp\/v2\/posts"}],"about":[{"href":"https:\/\/www.mn-nachrichten.de\/index.php?rest_route=\/wp\/v2\/types\/post"}],"author":[{"embeddable":true,"href":"https:\/\/www.mn-nachrichten.de\/index.php?rest_route=\/wp\/v2\/users\/123"}],"replies":[{"embeddable":true,"href":"https:\/\/www.mn-nachrichten.de\/index.php?rest_route=%2Fwp%2Fv2%2Fcomments&post=3003"}],"version-history":[{"count":3,"href":"https:\/\/www.mn-nachrichten.de\/index.php?rest_route=\/wp\/v2\/posts\/3003\/revisions"}],"predecessor-version":[{"id":3006,"href":"https:\/\/www.mn-nachrichten.de\/index.php?rest_route=\/wp\/v2\/posts\/3003\/revisions\/3006"}],"wp:attachment":[{"href":"https:\/\/www.mn-nachrichten.de\/index.php?rest_route=%2Fwp%2Fv2%2Fmedia&parent=3003"}],"wp:term":[{"taxonomy":"category","embeddable":true,"href":"https:\/\/www.mn-nachrichten.de\/index.php?rest_route=%2Fwp%2Fv2%2Fcategories&post=3003"},{"taxonomy":"post_tag","embeddable":true,"href":"https:\/\/www.mn-nachrichten.de\/index.php?rest_route=%2Fwp%2Fv2%2Ftags&post=3003"}],"curies":[{"name":"wp","href":"https:\/\/api.w.org\/{rel}","templated":true}]}}