{"id":282,"date":"2007-05-29T08:33:59","date_gmt":"2007-05-29T06:33:59","guid":{"rendered":"http:\/\/www.mn-nachrichten.de\/?p=282"},"modified":"2025-03-21T01:23:35","modified_gmt":"2025-03-21T00:23:35","slug":"cuello-vorlaufiger-waffenstillstand","status":"publish","type":"post","link":"https:\/\/www.mn-nachrichten.de\/?p=282","title":{"rendered":"[Cuello] Vorl\u00e4ufiger Waffenstillstand"},"content":{"rendered":"<p><strong>Urbe Igual, Astoria City<\/strong><\/p>\n<p>Nach einer Waffenruhe Aufgrund des hoch angesehenen Pfingstwochenendes, welches als sehr heiliges Fest unter den Loco Alindar gilt, hat Paolo el Loco dem astorischen Spezialbeauftragten Roderick Ambassadore eine Nachricht zukommen lassen, dass er bereit f\u00fcr Friedensverhandlungen sei. <\/p>\n<p>Im selben Zug lie\u00df der alindische Stammesf\u00fchrer die astorischen Geiseln frei die mittlerweile wohlauf in Astor angekommen sind. Es bleibt abzuwarten was die Gespr\u00e4che nun ergeben. <\/p>\n<p>Vorgeschlagener Treffpunkt f\u00fcr die Gespr\u00e4che soll die autonome Ferieninsel Ribera Sol, bekannt als riberisches Urlaubsparadies sein.<\/p>\n","protected":false},"excerpt":{"rendered":"<p>Urbe Igual, Astoria City Nach einer Waffenruhe Aufgrund des hoch angesehenen Pfingstwochenendes, welches als sehr heiliges Fest unter den Loco Alindar gilt, hat Paolo el Loco dem astorischen Spezialbeauftragten Roderick Ambassadore eine Nachricht zukommen lassen, dass er bereit f\u00fcr Friedensverhandlungen sei. Im selben Zug lie\u00df der alindische Stammesf\u00fchrer die astorischen Geiseln frei die mittlerweile wohlauf [&hellip;]<\/p>\n","protected":false},"author":33,"featured_media":0,"comment_status":"open","ping_status":"closed","sticky":false,"template":"","format":"standard","meta":{"_crdt_document":"","footnotes":""},"categories":[993],"tags":[],"class_list":["post-282","post","type-post","status-publish","format-standard","hentry","category-vormals_cuello"],"_links":{"self":[{"href":"https:\/\/www.mn-nachrichten.de\/index.php?rest_route=\/wp\/v2\/posts\/282","targetHints":{"allow":["GET"]}}],"collection":[{"href":"https:\/\/www.mn-nachrichten.de\/index.php?rest_route=\/wp\/v2\/posts"}],"about":[{"href":"https:\/\/www.mn-nachrichten.de\/index.php?rest_route=\/wp\/v2\/types\/post"}],"author":[{"embeddable":true,"href":"https:\/\/www.mn-nachrichten.de\/index.php?rest_route=\/wp\/v2\/users\/33"}],"replies":[{"embeddable":true,"href":"https:\/\/www.mn-nachrichten.de\/index.php?rest_route=%2Fwp%2Fv2%2Fcomments&post=282"}],"version-history":[{"count":1,"href":"https:\/\/www.mn-nachrichten.de\/index.php?rest_route=\/wp\/v2\/posts\/282\/revisions"}],"predecessor-version":[{"id":10472,"href":"https:\/\/www.mn-nachrichten.de\/index.php?rest_route=\/wp\/v2\/posts\/282\/revisions\/10472"}],"wp:attachment":[{"href":"https:\/\/www.mn-nachrichten.de\/index.php?rest_route=%2Fwp%2Fv2%2Fmedia&parent=282"}],"wp:term":[{"taxonomy":"category","embeddable":true,"href":"https:\/\/www.mn-nachrichten.de\/index.php?rest_route=%2Fwp%2Fv2%2Fcategories&post=282"},{"taxonomy":"post_tag","embeddable":true,"href":"https:\/\/www.mn-nachrichten.de\/index.php?rest_route=%2Fwp%2Fv2%2Ftags&post=282"}],"curies":[{"name":"wp","href":"https:\/\/api.w.org\/{rel}","templated":true}]}}