{"id":281,"date":"2007-05-29T00:03:21","date_gmt":"2007-05-28T22:03:21","guid":{"rendered":"http:\/\/www.mn-nachrichten.de\/?p=281"},"modified":"2007-09-12T10:36:08","modified_gmt":"2007-09-12T08:36:08","slug":"cordanien-plane-fur-raumstation-auf-dem-tisch","status":"publish","type":"post","link":"https:\/\/www.mn-nachrichten.de\/?p=281","title":{"rendered":"[Cordanien] Pl\u00e4ne f\u00fcr Raumstation auf dem Tisch"},"content":{"rendered":"<p>Wie gestern bekannt wurde, plant die cordanische Weltraumbeh\u00f6rde NBRM nach gescheiterten Bem\u00fchungen um Projektpartner, ihre Pl\u00e4ne f\u00fcr eine Raumstation alleine zu realisieren. Das favorisierte Modell in Modulbauweise bietet Platz f\u00fcr bis zu sechs Astronauten und umfasst u. a. ein Mehrzweck-Forschungsmodul. Laut NBRM ist beim Betrieb der Raumstation eine Zusammenarbeit mit ausl\u00e4ndischen Raumfahrtagenturen denkbar. Der Bau soll, sofern die Mittel zur Verf\u00fcgung stehen, noch im Sommer beginnen. Die Pl\u00e4ne sind <a href=\"http:\/\/www.cordanien.de\/board\/wbblite\/thread.php?threadid=1519\">hier<\/a> einzusehen.<\/p>\n","protected":false},"excerpt":{"rendered":"<p>Wie gestern bekannt wurde, plant die cordanische Weltraumbeh\u00f6rde NBRM nach gescheiterten Bem\u00fchungen um Projektpartner, ihre Pl\u00e4ne f\u00fcr eine Raumstation alleine zu realisieren. Das favorisierte Modell in Modulbauweise bietet Platz f\u00fcr bis zu sechs Astronauten und umfasst u. a. ein Mehrzweck-Forschungsmodul. Laut NBRM ist beim Betrieb der Raumstation eine Zusammenarbeit mit ausl\u00e4ndischen Raumfahrtagenturen denkbar. Der Bau [&hellip;]<\/p>\n","protected":false},"author":47,"featured_media":0,"comment_status":"open","ping_status":"closed","sticky":false,"template":"","format":"standard","meta":{"_crdt_document":"","footnotes":""},"categories":[5],"tags":[],"class_list":["post-281","post","type-post","status-publish","format-standard","hentry","category-wissenschaft"],"_links":{"self":[{"href":"https:\/\/www.mn-nachrichten.de\/index.php?rest_route=\/wp\/v2\/posts\/281","targetHints":{"allow":["GET"]}}],"collection":[{"href":"https:\/\/www.mn-nachrichten.de\/index.php?rest_route=\/wp\/v2\/posts"}],"about":[{"href":"https:\/\/www.mn-nachrichten.de\/index.php?rest_route=\/wp\/v2\/types\/post"}],"author":[{"embeddable":true,"href":"https:\/\/www.mn-nachrichten.de\/index.php?rest_route=\/wp\/v2\/users\/47"}],"replies":[{"embeddable":true,"href":"https:\/\/www.mn-nachrichten.de\/index.php?rest_route=%2Fwp%2Fv2%2Fcomments&post=281"}],"version-history":[{"count":0,"href":"https:\/\/www.mn-nachrichten.de\/index.php?rest_route=\/wp\/v2\/posts\/281\/revisions"}],"wp:attachment":[{"href":"https:\/\/www.mn-nachrichten.de\/index.php?rest_route=%2Fwp%2Fv2%2Fmedia&parent=281"}],"wp:term":[{"taxonomy":"category","embeddable":true,"href":"https:\/\/www.mn-nachrichten.de\/index.php?rest_route=%2Fwp%2Fv2%2Fcategories&post=281"},{"taxonomy":"post_tag","embeddable":true,"href":"https:\/\/www.mn-nachrichten.de\/index.php?rest_route=%2Fwp%2Fv2%2Ftags&post=281"}],"curies":[{"name":"wp","href":"https:\/\/api.w.org\/{rel}","templated":true}]}}