{"id":279,"date":"2007-05-28T16:28:42","date_gmt":"2007-05-28T14:28:42","guid":{"rendered":"http:\/\/www.mn-nachrichten.de\/?p=279"},"modified":"2007-05-28T16:28:42","modified_gmt":"2007-05-28T14:28:42","slug":"tauroggenpolanien-konig-friedrich-zieht-sich-zuruck","status":"publish","type":"post","link":"https:\/\/www.mn-nachrichten.de\/?p=279","title":{"rendered":"[Tauroggen\/Polanien] K\u00f6nig Friedrich zieht sich zur\u00fcck"},"content":{"rendered":"<p><strong>Posen\/Poznan<\/strong>&#8211; Am heutigen Tage zog sich K\u00f6nig Friedrich III., K\u00f6nig von Tauroggen, Pr\u00fc\u00dfen und Polanien aus der Politik im Speziellen und dem \u00f6ffentlichen Leben im Allgemeinen, zur\u00fcck und \u00fcbergab in einer kurzen, urkundlichen Notiz nach althergebrachten Polanischen Landrecht, s\u00e4mtliche Pflichten und Rechte des K\u00f6nigs von Polanien an den Polanischen Truchse\u00df Johann Georg II.<\/p>\n<p>W\u00f6rtlich:<\/p>\n<blockquote><p>Hochverehrter Truchse\u00df,<br \/>\nHiermit verleihe ich Euch auf unbestimmte Zeit s\u00e4mtliche Aufgaben, Rechte und Pflichten des K\u00f6nigs, wie sie geschrieben stehen im Polanischen Landrechte. Es steht Euch frei meinen Nachfolger zu ernennen und die St\u00e4ndischen Versammlungen einzuberufen.<\/p>\n<p>Gott zum Gru\u00dfe<br \/>\n<em>Friedrich<\/em><\/p><\/blockquote>\n","protected":false},"excerpt":{"rendered":"<p>Posen\/Poznan&#8211; Am heutigen Tage zog sich K\u00f6nig Friedrich III., K\u00f6nig von Tauroggen, Pr\u00fc\u00dfen und Polanien aus der Politik im Speziellen und dem \u00f6ffentlichen Leben im Allgemeinen, zur\u00fcck und \u00fcbergab in einer kurzen, urkundlichen Notiz nach althergebrachten Polanischen Landrecht, s\u00e4mtliche Pflichten und Rechte des K\u00f6nigs von Polanien an den Polanischen Truchse\u00df Johann Georg II. W\u00f6rtlich: Hochverehrter [&hellip;]<\/p>\n","protected":false},"author":83,"featured_media":0,"comment_status":"open","ping_status":"closed","sticky":false,"template":"","format":"standard","meta":{"_crdt_document":"","footnotes":""},"categories":[1],"tags":[],"class_list":["post-279","post","type-post","status-publish","format-standard","hentry","category-international"],"_links":{"self":[{"href":"https:\/\/www.mn-nachrichten.de\/index.php?rest_route=\/wp\/v2\/posts\/279","targetHints":{"allow":["GET"]}}],"collection":[{"href":"https:\/\/www.mn-nachrichten.de\/index.php?rest_route=\/wp\/v2\/posts"}],"about":[{"href":"https:\/\/www.mn-nachrichten.de\/index.php?rest_route=\/wp\/v2\/types\/post"}],"author":[{"embeddable":true,"href":"https:\/\/www.mn-nachrichten.de\/index.php?rest_route=\/wp\/v2\/users\/83"}],"replies":[{"embeddable":true,"href":"https:\/\/www.mn-nachrichten.de\/index.php?rest_route=%2Fwp%2Fv2%2Fcomments&post=279"}],"version-history":[{"count":0,"href":"https:\/\/www.mn-nachrichten.de\/index.php?rest_route=\/wp\/v2\/posts\/279\/revisions"}],"wp:attachment":[{"href":"https:\/\/www.mn-nachrichten.de\/index.php?rest_route=%2Fwp%2Fv2%2Fmedia&parent=279"}],"wp:term":[{"taxonomy":"category","embeddable":true,"href":"https:\/\/www.mn-nachrichten.de\/index.php?rest_route=%2Fwp%2Fv2%2Fcategories&post=279"},{"taxonomy":"post_tag","embeddable":true,"href":"https:\/\/www.mn-nachrichten.de\/index.php?rest_route=%2Fwp%2Fv2%2Ftags&post=279"}],"curies":[{"name":"wp","href":"https:\/\/api.w.org\/{rel}","templated":true}]}}