{"id":277,"date":"2007-05-22T21:53:11","date_gmt":"2007-05-22T19:53:11","guid":{"rendered":"http:\/\/www.mn-nachrichten.de\/?p=277"},"modified":"2025-03-21T01:41:06","modified_gmt":"2025-03-21T00:41:06","slug":"geldern-militarputsch","status":"publish","type":"post","link":"https:\/\/www.mn-nachrichten.de\/?p=277","title":{"rendered":"[Geldern] Milit\u00e4rputsch"},"content":{"rendered":"<p>Soeben fand in Geldern ein Milit\u00e4rputsch statt. Einheiten der Armee nahmen das Regierungsviertel und den Volksrat ein und erkl\u00e4rten den Volksrat f\u00fcr aufgel\u00f6st, die Regierung f\u00fcr abgesetzt. Es soll eine neue Regierung vom Kaiser eingesetzt werden.<br \/>\nDieser allerdings stellte sich hinter das Volk und gegen die Putschisten. <\/p>\n","protected":false},"excerpt":{"rendered":"<p>Soeben fand in Geldern ein Milit\u00e4rputsch statt. Einheiten der Armee nahmen das Regierungsviertel und den Volksrat ein und erkl\u00e4rten den Volksrat f\u00fcr aufgel\u00f6st, die Regierung f\u00fcr abgesetzt. Es soll eine neue Regierung vom Kaiser eingesetzt werden. Dieser allerdings stellte sich hinter das Volk und gegen die Putschisten.<\/p>\n","protected":false},"author":63,"featured_media":0,"comment_status":"open","ping_status":"closed","sticky":false,"template":"","format":"standard","meta":{"_crdt_document":"","footnotes":""},"categories":[998],"tags":[],"class_list":["post-277","post","type-post","status-publish","format-standard","hentry","category-vormals_geldern"],"_links":{"self":[{"href":"https:\/\/www.mn-nachrichten.de\/index.php?rest_route=\/wp\/v2\/posts\/277","targetHints":{"allow":["GET"]}}],"collection":[{"href":"https:\/\/www.mn-nachrichten.de\/index.php?rest_route=\/wp\/v2\/posts"}],"about":[{"href":"https:\/\/www.mn-nachrichten.de\/index.php?rest_route=\/wp\/v2\/types\/post"}],"author":[{"embeddable":true,"href":"https:\/\/www.mn-nachrichten.de\/index.php?rest_route=\/wp\/v2\/users\/63"}],"replies":[{"embeddable":true,"href":"https:\/\/www.mn-nachrichten.de\/index.php?rest_route=%2Fwp%2Fv2%2Fcomments&post=277"}],"version-history":[{"count":1,"href":"https:\/\/www.mn-nachrichten.de\/index.php?rest_route=\/wp\/v2\/posts\/277\/revisions"}],"predecessor-version":[{"id":10543,"href":"https:\/\/www.mn-nachrichten.de\/index.php?rest_route=\/wp\/v2\/posts\/277\/revisions\/10543"}],"wp:attachment":[{"href":"https:\/\/www.mn-nachrichten.de\/index.php?rest_route=%2Fwp%2Fv2%2Fmedia&parent=277"}],"wp:term":[{"taxonomy":"category","embeddable":true,"href":"https:\/\/www.mn-nachrichten.de\/index.php?rest_route=%2Fwp%2Fv2%2Fcategories&post=277"},{"taxonomy":"post_tag","embeddable":true,"href":"https:\/\/www.mn-nachrichten.de\/index.php?rest_route=%2Fwp%2Fv2%2Ftags&post=277"}],"curies":[{"name":"wp","href":"https:\/\/api.w.org\/{rel}","templated":true}]}}