{"id":265,"date":"2007-05-13T18:45:11","date_gmt":"2007-05-13T16:45:11","guid":{"rendered":"http:\/\/www.mn-nachrichten.de\/?p=265"},"modified":"2008-11-22T20:28:32","modified_gmt":"2008-11-22T19:28:32","slug":"andro-zum-krieg","status":"publish","type":"post","link":"https:\/\/www.mn-nachrichten.de\/?p=265","title":{"rendered":"[Andro] &#8230;zum Krieg"},"content":{"rendered":"<p>Heute erkl\u00e4rte Andro, nach dem Stauffen und Eschenland in den Konflikt eintraten, beiden L\u00e4ndern den Krieg.<\/p>\n<p>Diese Meldung kam nun nicht mehr vom Pr\u00e4sidenten der SSU Andro, sondern direkt vom Mlit\u00e4roberkommando.  <\/p>\n","protected":false},"excerpt":{"rendered":"<p>Heute erkl\u00e4rte Andro, nach dem Stauffen und Eschenland in den Konflikt eintraten, beiden L\u00e4ndern den Krieg. Diese Meldung kam nun nicht mehr vom Pr\u00e4sidenten der SSU Andro, sondern direkt vom Mlit\u00e4roberkommando.<\/p>\n","protected":false},"author":63,"featured_media":0,"comment_status":"open","ping_status":"closed","sticky":false,"template":"","format":"standard","meta":{"_crdt_document":"","footnotes":""},"categories":[1,42],"tags":[],"class_list":["post-265","post","type-post","status-publish","format-standard","hentry","category-international","category-andro"],"_links":{"self":[{"href":"https:\/\/www.mn-nachrichten.de\/index.php?rest_route=\/wp\/v2\/posts\/265","targetHints":{"allow":["GET"]}}],"collection":[{"href":"https:\/\/www.mn-nachrichten.de\/index.php?rest_route=\/wp\/v2\/posts"}],"about":[{"href":"https:\/\/www.mn-nachrichten.de\/index.php?rest_route=\/wp\/v2\/types\/post"}],"author":[{"embeddable":true,"href":"https:\/\/www.mn-nachrichten.de\/index.php?rest_route=\/wp\/v2\/users\/63"}],"replies":[{"embeddable":true,"href":"https:\/\/www.mn-nachrichten.de\/index.php?rest_route=%2Fwp%2Fv2%2Fcomments&post=265"}],"version-history":[{"count":1,"href":"https:\/\/www.mn-nachrichten.de\/index.php?rest_route=\/wp\/v2\/posts\/265\/revisions"}],"predecessor-version":[{"id":1475,"href":"https:\/\/www.mn-nachrichten.de\/index.php?rest_route=\/wp\/v2\/posts\/265\/revisions\/1475"}],"wp:attachment":[{"href":"https:\/\/www.mn-nachrichten.de\/index.php?rest_route=%2Fwp%2Fv2%2Fmedia&parent=265"}],"wp:term":[{"taxonomy":"category","embeddable":true,"href":"https:\/\/www.mn-nachrichten.de\/index.php?rest_route=%2Fwp%2Fv2%2Fcategories&post=265"},{"taxonomy":"post_tag","embeddable":true,"href":"https:\/\/www.mn-nachrichten.de\/index.php?rest_route=%2Fwp%2Fv2%2Ftags&post=265"}],"curies":[{"name":"wp","href":"https:\/\/api.w.org\/{rel}","templated":true}]}}