{"id":261,"date":"2007-05-12T00:45:42","date_gmt":"2007-05-11T22:45:42","guid":{"rendered":"http:\/\/www.mn-nachrichten.de\/?p=261"},"modified":"2007-09-12T10:42:56","modified_gmt":"2007-09-12T08:42:56","slug":"bergen-neuer-prasident-alte-verfassung","status":"publish","type":"post","link":"https:\/\/www.mn-nachrichten.de\/?p=261","title":{"rendered":"[Bergen] Neuer Pr\u00e4sident\/ alte Verfassung"},"content":{"rendered":"<p>Heute wurde Wilhlem von Graub\u00fcnden vom Volk zum neuen Bundespr\u00e4sidenten der Republik Bergen gew\u00e4hlt.<br \/>\nEr tritt damit zum zweiten mal das h\u00f6chste Staatsamt an.<\/p>\n<p>Gleichzeitig scheiterte das Referendum einer neuen Verfassung die u.a. den Zentralismus und die Abschaffung des F\u00f6deralismus vorsah, sowie eine k\u00fcrzere Verfassung.<\/p>\n","protected":false},"excerpt":{"rendered":"<p>Heute wurde Wilhlem von Graub\u00fcnden vom Volk zum neuen Bundespr\u00e4sidenten der Republik Bergen gew\u00e4hlt. Er tritt damit zum zweiten mal das h\u00f6chste Staatsamt an. Gleichzeitig scheiterte das Referendum einer neuen Verfassung die u.a. den Zentralismus und die Abschaffung des F\u00f6deralismus vorsah, sowie eine k\u00fcrzere Verfassung.<\/p>\n","protected":false},"author":63,"featured_media":0,"comment_status":"open","ping_status":"closed","sticky":false,"template":"","format":"standard","meta":{"_crdt_document":"","footnotes":""},"categories":[39],"tags":[],"class_list":["post-261","post","type-post","status-publish","format-standard","hentry","category-bergen"],"_links":{"self":[{"href":"https:\/\/www.mn-nachrichten.de\/index.php?rest_route=\/wp\/v2\/posts\/261","targetHints":{"allow":["GET"]}}],"collection":[{"href":"https:\/\/www.mn-nachrichten.de\/index.php?rest_route=\/wp\/v2\/posts"}],"about":[{"href":"https:\/\/www.mn-nachrichten.de\/index.php?rest_route=\/wp\/v2\/types\/post"}],"author":[{"embeddable":true,"href":"https:\/\/www.mn-nachrichten.de\/index.php?rest_route=\/wp\/v2\/users\/63"}],"replies":[{"embeddable":true,"href":"https:\/\/www.mn-nachrichten.de\/index.php?rest_route=%2Fwp%2Fv2%2Fcomments&post=261"}],"version-history":[{"count":0,"href":"https:\/\/www.mn-nachrichten.de\/index.php?rest_route=\/wp\/v2\/posts\/261\/revisions"}],"wp:attachment":[{"href":"https:\/\/www.mn-nachrichten.de\/index.php?rest_route=%2Fwp%2Fv2%2Fmedia&parent=261"}],"wp:term":[{"taxonomy":"category","embeddable":true,"href":"https:\/\/www.mn-nachrichten.de\/index.php?rest_route=%2Fwp%2Fv2%2Fcategories&post=261"},{"taxonomy":"post_tag","embeddable":true,"href":"https:\/\/www.mn-nachrichten.de\/index.php?rest_route=%2Fwp%2Fv2%2Ftags&post=261"}],"curies":[{"name":"wp","href":"https:\/\/api.w.org\/{rel}","templated":true}]}}