{"id":250,"date":"2007-05-10T14:18:39","date_gmt":"2007-05-10T12:18:39","guid":{"rendered":"http:\/\/www.mn-nachrichten.de\/?p=250"},"modified":"2007-09-12T10:48:40","modified_gmt":"2007-09-12T08:48:40","slug":"andro-kriegserklarung","status":"publish","type":"post","link":"https:\/\/www.mn-nachrichten.de\/?p=250","title":{"rendered":"[Andro] Kriegserkl\u00e4rung"},"content":{"rendered":"<p>Andro trat heute auf seiten Aquatropolis in den Krieg ein und erkl\u00e4rte Dreib\u00fcrgen und Neuenkirchen den Krieg.<\/p>\n","protected":false},"excerpt":{"rendered":"<p>Andro trat heute auf seiten Aquatropolis in den Krieg ein und erkl\u00e4rte Dreib\u00fcrgen und Neuenkirchen den Krieg.<\/p>\n","protected":false},"author":63,"featured_media":0,"comment_status":"open","ping_status":"closed","sticky":false,"template":"","format":"standard","meta":{"_crdt_document":"","footnotes":""},"categories":[1,42,28,50],"tags":[],"class_list":["post-250","post","type-post","status-publish","format-standard","hentry","category-international","category-andro","category-aquatropolis","category-dreiburgen"],"_links":{"self":[{"href":"https:\/\/www.mn-nachrichten.de\/index.php?rest_route=\/wp\/v2\/posts\/250","targetHints":{"allow":["GET"]}}],"collection":[{"href":"https:\/\/www.mn-nachrichten.de\/index.php?rest_route=\/wp\/v2\/posts"}],"about":[{"href":"https:\/\/www.mn-nachrichten.de\/index.php?rest_route=\/wp\/v2\/types\/post"}],"author":[{"embeddable":true,"href":"https:\/\/www.mn-nachrichten.de\/index.php?rest_route=\/wp\/v2\/users\/63"}],"replies":[{"embeddable":true,"href":"https:\/\/www.mn-nachrichten.de\/index.php?rest_route=%2Fwp%2Fv2%2Fcomments&post=250"}],"version-history":[{"count":0,"href":"https:\/\/www.mn-nachrichten.de\/index.php?rest_route=\/wp\/v2\/posts\/250\/revisions"}],"wp:attachment":[{"href":"https:\/\/www.mn-nachrichten.de\/index.php?rest_route=%2Fwp%2Fv2%2Fmedia&parent=250"}],"wp:term":[{"taxonomy":"category","embeddable":true,"href":"https:\/\/www.mn-nachrichten.de\/index.php?rest_route=%2Fwp%2Fv2%2Fcategories&post=250"},{"taxonomy":"post_tag","embeddable":true,"href":"https:\/\/www.mn-nachrichten.de\/index.php?rest_route=%2Fwp%2Fv2%2Ftags&post=250"}],"curies":[{"name":"wp","href":"https:\/\/api.w.org\/{rel}","templated":true}]}}