{"id":2400,"date":"2009-07-03T13:08:49","date_gmt":"2009-07-03T12:08:49","guid":{"rendered":"http:\/\/www.mn-nachrichten.de\/?p=2400"},"modified":"2009-07-03T13:08:49","modified_gmt":"2009-07-03T12:08:49","slug":"andro-verfassung-angenommennun-offiziell-republik","status":"publish","type":"post","link":"https:\/\/www.mn-nachrichten.de\/?p=2400","title":{"rendered":"[Andro] Verfassung angenommen\/Nun offiziell Republik"},"content":{"rendered":"<p>Koskow- Am heutigen Tage endete die Volksabstimmung \u00fcber die neue erstmalig republikanische Verfassung.<br \/>\nDiese lockte mehr B\u00fcrger zu den Wahlurnen als je zuvor. 85% der B\u00fcrger stimmten ab und 55% sprachen sich f\u00fcr und 27% gegen die Verfassung aus. 18% enthielten sich auf dem Stimmzettel.<\/p>\n<p>Andro ist damit, durch den Volkswillen, offiziell Republik ab dem heutigen Tage.<\/p>\n<p>Nun beginnen die Neuwahlen f\u00fcr die I. republikanische Duma und den Ministerpr\u00e4sidenten.<br \/>\nDie neue Verfassung sieht kein Staatsoberhaupt vor.<\/p>\n","protected":false},"excerpt":{"rendered":"<p>Koskow- Am heutigen Tage endete die Volksabstimmung \u00fcber die neue erstmalig republikanische Verfassung. Diese lockte mehr B\u00fcrger zu den Wahlurnen als je zuvor. 85% der B\u00fcrger stimmten ab und 55% sprachen sich f\u00fcr und 27% gegen die Verfassung aus. 18% enthielten sich auf dem Stimmzettel. Andro ist damit, durch den Volkswillen, offiziell Republik ab dem [&hellip;]<\/p>\n","protected":false},"author":123,"featured_media":0,"comment_status":"open","ping_status":"closed","sticky":false,"template":"","format":"standard","meta":{"_crdt_document":"","footnotes":""},"categories":[42],"tags":[],"class_list":["post-2400","post","type-post","status-publish","format-standard","hentry","category-andro"],"_links":{"self":[{"href":"https:\/\/www.mn-nachrichten.de\/index.php?rest_route=\/wp\/v2\/posts\/2400","targetHints":{"allow":["GET"]}}],"collection":[{"href":"https:\/\/www.mn-nachrichten.de\/index.php?rest_route=\/wp\/v2\/posts"}],"about":[{"href":"https:\/\/www.mn-nachrichten.de\/index.php?rest_route=\/wp\/v2\/types\/post"}],"author":[{"embeddable":true,"href":"https:\/\/www.mn-nachrichten.de\/index.php?rest_route=\/wp\/v2\/users\/123"}],"replies":[{"embeddable":true,"href":"https:\/\/www.mn-nachrichten.de\/index.php?rest_route=%2Fwp%2Fv2%2Fcomments&post=2400"}],"version-history":[{"count":1,"href":"https:\/\/www.mn-nachrichten.de\/index.php?rest_route=\/wp\/v2\/posts\/2400\/revisions"}],"predecessor-version":[{"id":2401,"href":"https:\/\/www.mn-nachrichten.de\/index.php?rest_route=\/wp\/v2\/posts\/2400\/revisions\/2401"}],"wp:attachment":[{"href":"https:\/\/www.mn-nachrichten.de\/index.php?rest_route=%2Fwp%2Fv2%2Fmedia&parent=2400"}],"wp:term":[{"taxonomy":"category","embeddable":true,"href":"https:\/\/www.mn-nachrichten.de\/index.php?rest_route=%2Fwp%2Fv2%2Fcategories&post=2400"},{"taxonomy":"post_tag","embeddable":true,"href":"https:\/\/www.mn-nachrichten.de\/index.php?rest_route=%2Fwp%2Fv2%2Ftags&post=2400"}],"curies":[{"name":"wp","href":"https:\/\/api.w.org\/{rel}","templated":true}]}}