{"id":2376,"date":"2009-06-26T17:55:30","date_gmt":"2009-06-26T16:55:30","guid":{"rendered":"http:\/\/www.mn-nachrichten.de\/?p=2376"},"modified":"2009-06-26T17:56:41","modified_gmt":"2009-06-26T16:56:41","slug":"albernia-premierminister-paerrycen-tritt-zuruck","status":"publish","type":"post","link":"https:\/\/www.mn-nachrichten.de\/?p=2376","title":{"rendered":"[Albernia] Premierminister Paerrycen tritt zur\u00fcck"},"content":{"rendered":"<p><strong><img loading=\"lazy\" decoding=\"async\" class=\"alignleft\" src=\"http:\/\/img209.imageshack.us\/img209\/7241\/paerrycenyy1.jpg\" alt=\"\" width=\"110\" height=\"125\" \/>Aldenroth.<\/strong> Der albernische Premierminister Lord Rhodi Paerrycen (Reform) hat angek\u00fcndigt, in den kommenden Tagen bei Queen Jane II seinen R\u00fccktritt als Regierungschef einzureichen und den Parteivorsitz der Reform Party abzugeben. Das teilte 5 Penny Lane, der Sitz des Premierministers, in einer <a href=\"http:\/\/forum.albernia.org\/thread.php?threadid=3722\" target=\"_blank\">schriftlichen Stellungnahme<\/a> mit und f\u00fchrte &#8222;famili\u00e4re Gr\u00fcnde&#8220; zur Erkl\u00e4rung an.<\/p>\n<p>Lord Rhodi Paerrycens Reform Party hatte erst vor rund einem Monat die <a href=\"http:\/\/www.mn-nachrichten.de\/?p=2181\" target=\"_blank\">Mehrheit im Unterhaus<\/a> errungen. Nach seinem R\u00fccktritt w\u00e4hlt nun die Reform Party einen neuen Parteivorsitzenden. Dieser wird dann von der K\u00f6nigin in der Regel zum Regierungschef ernannt. Der Anf\u00fchrer der st\u00e4rksten Partei im Unterhaus hat traditionell zugleich das Amt des Premierministers inne.<\/p>\n","protected":false},"excerpt":{"rendered":"<p>Aldenroth. Der albernische Premierminister Lord Rhodi Paerrycen (Reform) hat angek\u00fcndigt, in den kommenden Tagen bei Queen Jane II seinen R\u00fccktritt als Regierungschef einzureichen und den Parteivorsitz der Reform Party abzugeben. Das teilte 5 Penny Lane, der Sitz des Premierministers, in einer schriftlichen Stellungnahme mit und f\u00fchrte &#8222;famili\u00e4re Gr\u00fcnde&#8220; zur Erkl\u00e4rung an. Lord Rhodi Paerrycens Reform [&hellip;]<\/p>\n","protected":false},"author":165,"featured_media":0,"comment_status":"open","ping_status":"closed","sticky":false,"template":"","format":"standard","meta":{"_crdt_document":"","footnotes":""},"categories":[1,82],"tags":[],"class_list":["post-2376","post","type-post","status-publish","format-standard","hentry","category-international","category-albernia"],"_links":{"self":[{"href":"https:\/\/www.mn-nachrichten.de\/index.php?rest_route=\/wp\/v2\/posts\/2376","targetHints":{"allow":["GET"]}}],"collection":[{"href":"https:\/\/www.mn-nachrichten.de\/index.php?rest_route=\/wp\/v2\/posts"}],"about":[{"href":"https:\/\/www.mn-nachrichten.de\/index.php?rest_route=\/wp\/v2\/types\/post"}],"author":[{"embeddable":true,"href":"https:\/\/www.mn-nachrichten.de\/index.php?rest_route=\/wp\/v2\/users\/165"}],"replies":[{"embeddable":true,"href":"https:\/\/www.mn-nachrichten.de\/index.php?rest_route=%2Fwp%2Fv2%2Fcomments&post=2376"}],"version-history":[{"count":6,"href":"https:\/\/www.mn-nachrichten.de\/index.php?rest_route=\/wp\/v2\/posts\/2376\/revisions"}],"predecessor-version":[{"id":2382,"href":"https:\/\/www.mn-nachrichten.de\/index.php?rest_route=\/wp\/v2\/posts\/2376\/revisions\/2382"}],"wp:attachment":[{"href":"https:\/\/www.mn-nachrichten.de\/index.php?rest_route=%2Fwp%2Fv2%2Fmedia&parent=2376"}],"wp:term":[{"taxonomy":"category","embeddable":true,"href":"https:\/\/www.mn-nachrichten.de\/index.php?rest_route=%2Fwp%2Fv2%2Fcategories&post=2376"},{"taxonomy":"post_tag","embeddable":true,"href":"https:\/\/www.mn-nachrichten.de\/index.php?rest_route=%2Fwp%2Fv2%2Ftags&post=2376"}],"curies":[{"name":"wp","href":"https:\/\/api.w.org\/{rel}","templated":true}]}}