{"id":2312,"date":"2009-06-14T11:58:39","date_gmt":"2009-06-14T10:58:39","guid":{"rendered":"http:\/\/www.mn-nachrichten.de\/?p=2312"},"modified":"2009-06-14T11:59:43","modified_gmt":"2009-06-14T10:59:43","slug":"tolanica-juan-costa-neuer-presidente","status":"publish","type":"post","link":"https:\/\/www.mn-nachrichten.de\/?p=2312","title":{"rendered":"[Tolanica] Juan Costa neuer Presidente"},"content":{"rendered":"<p>Die Ernennung des Kabinetts hat dieses Mal l\u00e4nger gedauert, doch nun ist es offiziell: die Rep\u00fablica Tolanica wird zum ersten Mal seit drei Legislaturperioden nicht mehr von einer Minderheitsregierung regiert.<br \/>\nDass General Juan Pedro Costa als designierter Presidente zum zweiten Mal &#8211; zum ersten Mal von 2006 bis 2007 &#8211; an der Spitze des Staates stehen wird, stand schon seit dem Ausgang der Wahlen zum VI. Consejo Nacional fest. Seine Partei, die Frente Popular Nacionalista, gewann diese mit einem Ergebnis von 30,78 Prozent aller W\u00e4hlerstimmen. Ein denkbar knappes Ergebnis, denn der FPN folgte die Partido Liberal por Progreso unter dem Unternehmer L\u00e1zaro Avenda\u00f1o mit 29,05 Prozent. Die Partido Democr\u00e1tico Tolanica ging mit 21,31 Prozent aus der Wahl, die Partido Socialiste Obrero mit 18,86 Prozent hervor.<br \/>\nDass Juan Costa das Prinzip der Minderheitsregierung dieses Mal beiseite legen und eine Koalition eingehen will, wurde ebenfalls schon bald offensichtlich. Sein Vorg\u00e4nger, der FPN-Vorsitzende Francisco Bor\u00e1ssa, stie\u00df w\u00e4hrend seiner drei Amtszeiten auf immer sch\u00e4rfere Kritik der Opposition. Costas Verhandlungen mit dem marktliberalen Avenda\u00f1o, der schon zum vierten Mal in Folge an den Wahlen zum Presidente scheiterte, schienen Erfolg zu haben &#8211; die mit der linksliberalen PDT unter Gonzalo Franco dagegen verz\u00f6gerten die gesamte Regierungsbildung.<\/p>\n<p>So konnte gestern schlie\u00dflich die neue Regierung unter der nationalistischen FPN und der konservativ-marktliberalen PLP vor dem Consejo Nacional vereidigt werden:<br \/>\nNeuer Presidente ist General Juan Costa. Er f\u00fchrte im Jahr 2005 den Putsch gegen die Milit\u00e4rdiktatur an und rief ein Jahr sp\u00e4ter die Rep\u00fablica Tolanica aus, deren erster Presidente er war. Er genie\u00dft dadurch den Ruf eines lebenden Nationalhelden.<br \/>\nL\u00e1zaro Avenda\u00f1o, der Vorsitzende der PLP, wird neuer Vicepresidente und Minister f\u00fcr Sicherheit. Sein Ziel ist es, die Lage der schlecht versorgten und korrupten Polic\u00eda zu verbessern.<br \/>\nNeuer und alter Minister f\u00fcr Ausw\u00e4rtiges ist Generalleutnant Luiz Quesada. Auch er genie\u00dft einen heldenhaften Ruf, da er w\u00e4hrend des B\u00fcrgerkrieges an der Seite Costas k\u00e4mpfte. Er ist daneben auch Minister f\u00fcr staatliche Medien.<br \/>\nGeneral Francisco Bor\u00e1ssa, Presidente der letzten drei Legislaturperioden, wurde zum Minister f\u00fcr Inneres und Verteidigung ernannt. Er war zuletzt dem Druck der Opposition ausgesetzt, die seine Regierung als &#8222;Milit\u00e4rjunta&#8220; bezeichnete.<br \/>\nVinzente Degas, seinerseits wiederum Amtsvorg\u00e4nger von Bor\u00e1ssa, wird Minister f\u00fcr Wirtschaft und Infrastruktur. Der Besitzer des gr\u00f6\u00dften tolanischen Bauunternehmens ist auch in Dreib\u00fcrgen Minister f\u00fcr Wirtschaft und Forsten.<br \/>\nZuletzt wird der Unternehmer Andre Gusm\u00e3o als Minister f\u00fcr Umwelt t\u00e4tig sein. Unter Degas war er als Vicepresidente stets zweiter Mann im Staat.<\/p>\n<p>Mit der Pr\u00e4sidentschaft Costas setzen sich die FPN sowie die PLP zahlreiche Ziele f\u00fcr die kommenden vier Monate. Dazu geh\u00f6ren die Integration Tolanicas als selbsbewusstes Mitglied in die Staatengemeinschaft, die Bek\u00e4mpfung der Korruption bei der Polizei, eine Umstrukturierung des Sozialsystems sowie der Kampf gegen die Piraterie.<\/p>\n<p><img decoding=\"async\" src=\"http:\/\/i511.photobucket.com\/albums\/s357\/pex0dus\/Tolanica\/001add6b.jpg\" alt=\"General Juan Pedro Costa (rechts) kurz nach seiner Ernennung zum Presidente\" \/><\/p>\n","protected":false},"excerpt":{"rendered":"<p>Die Ernennung des Kabinetts hat dieses Mal l\u00e4nger gedauert, doch nun ist es offiziell: die Rep\u00fablica Tolanica wird zum ersten Mal seit drei Legislaturperioden nicht mehr von einer Minderheitsregierung regiert. Dass General Juan Pedro Costa als designierter Presidente zum zweiten Mal &#8211; zum ersten Mal von 2006 bis 2007 &#8211; an der Spitze des Staates [&hellip;]<\/p>\n","protected":false},"author":173,"featured_media":0,"comment_status":"open","ping_status":"closed","sticky":false,"template":"","format":"standard","meta":{"_crdt_document":"","footnotes":""},"categories":[1],"tags":[],"class_list":["post-2312","post","type-post","status-publish","format-standard","hentry","category-international"],"_links":{"self":[{"href":"https:\/\/www.mn-nachrichten.de\/index.php?rest_route=\/wp\/v2\/posts\/2312","targetHints":{"allow":["GET"]}}],"collection":[{"href":"https:\/\/www.mn-nachrichten.de\/index.php?rest_route=\/wp\/v2\/posts"}],"about":[{"href":"https:\/\/www.mn-nachrichten.de\/index.php?rest_route=\/wp\/v2\/types\/post"}],"author":[{"embeddable":true,"href":"https:\/\/www.mn-nachrichten.de\/index.php?rest_route=\/wp\/v2\/users\/173"}],"replies":[{"embeddable":true,"href":"https:\/\/www.mn-nachrichten.de\/index.php?rest_route=%2Fwp%2Fv2%2Fcomments&post=2312"}],"version-history":[{"count":6,"href":"https:\/\/www.mn-nachrichten.de\/index.php?rest_route=\/wp\/v2\/posts\/2312\/revisions"}],"predecessor-version":[{"id":2318,"href":"https:\/\/www.mn-nachrichten.de\/index.php?rest_route=\/wp\/v2\/posts\/2312\/revisions\/2318"}],"wp:attachment":[{"href":"https:\/\/www.mn-nachrichten.de\/index.php?rest_route=%2Fwp%2Fv2%2Fmedia&parent=2312"}],"wp:term":[{"taxonomy":"category","embeddable":true,"href":"https:\/\/www.mn-nachrichten.de\/index.php?rest_route=%2Fwp%2Fv2%2Fcategories&post=2312"},{"taxonomy":"post_tag","embeddable":true,"href":"https:\/\/www.mn-nachrichten.de\/index.php?rest_route=%2Fwp%2Fv2%2Ftags&post=2312"}],"curies":[{"name":"wp","href":"https:\/\/api.w.org\/{rel}","templated":true}]}}