{"id":227,"date":"2007-04-30T18:29:10","date_gmt":"2007-04-30T16:29:10","guid":{"rendered":"http:\/\/www.mn-nachrichten.de\/?p=227"},"modified":"2007-05-03T22:02:46","modified_gmt":"2007-05-03T20:02:46","slug":"tolanica-wahlen-beendet-liberale-regierung-im-amt","status":"publish","type":"post","link":"https:\/\/www.mn-nachrichten.de\/?p=227","title":{"rendered":"[Tolanica] Wahlen beendet &#8211; Liberale Regierung im Amt"},"content":{"rendered":"<p><strong>Vorgestern wurde das Ergebnis der I. Nationalratswahlen bekanntgegeben &#8211; gest\u00fctzt durch 50 Prozent aller W\u00e4hler befindet sich nun die neue Regierung unter Pr\u00e4sident Degas im Amt. Zahlreiche Demonstranten forderten jedoch Neuwahlen.<\/strong><\/p>\n<p><em>[Santana]<\/em> &#8211; Wahlleiter Coronel General Luiz Quesada gab vorgestern das Ergebnis der I. tolanischen Nationalratswahlen bekannt. Ein Ergebnis von genau 50 Prozent aller Stimmen f\u00fcr die Partido Liberal por Progreso dr\u00fcckt deutlich genug aus, was sich das Volk w\u00fcnscht: Eine endg\u00fcltige Befreiung von den Lasten des Sozialismus und ein freies Leben in einem modernen, demokratischen Rechtsstaat. Wenig \u00fcberraschend ist das Ergebnis der Sozialisten, die gerade einmal ein Viertel der W\u00e4hlerstimmen erhielten, genauso wie die Partido Democr\u00e1tico Tolanica. Hatte man sich in den Reihen der PLP vor den Wahlen noch erhofft, mit jenen eine b\u00fcrgerliche und ehrliche Koalition aufbauen zu k\u00f6nnen, forderten diese jedoch ohne zu z\u00f6gern und mit wenig Verstand Neuwahlen mit der Begr\u00fcndung, die Liberalos h\u00e4tten sich des Wahlbetrugs schuldig gemacht. Bereits w\u00e4hrend der konstituierenden Sitzung kam es vor dem Palacio del Pueblo zu einer Demonstration unter Gonzalo Franco. Nach dem dieser trotz allem in der Sitzung erschienen war, schritten die Unruhestifter zur Gewalt \u00fcber und mussten von den loyalen Streitkr\u00e4ften zur\u00fcckgedr\u00e4ngt werden.<br \/>\nKaum schritt der neue Presidente Vinzente Degas zur Ernennung der Regierungsmitglieder vor &#8211; Andre Gusm\u00e3o wurde zum Vizepr\u00e4sidenten und Innenminister, General Juan Costa zum Verteidigungsminister ernannt &#8211; meldeten sich die Heuchler der Demokraten wieder zu Wort: sie w\u00fcrden all die Verantwortung auf sich nehmen, da es doch vorteilhafter w\u00e4re, an der Regierung beteiligt zu sein &#8211; der letzte Teil davon klingt ja noch logisch. La Escolta hofft, dass die neue Regierung nicht schon zu Beginn den Fehler begehen wird, den Forderungen dieser unf\u00e4higen PDT nachzugeben.<\/p>\n<p>Quelle:La Escolta &#8211; http:\/\/laescolta.blogspot.com<\/p>\n","protected":false},"excerpt":{"rendered":"<p>Vorgestern wurde das Ergebnis der I. Nationalratswahlen bekanntgegeben &#8211; gest\u00fctzt durch 50 Prozent aller W\u00e4hler befindet sich nun die neue Regierung unter Pr\u00e4sident Degas im Amt. Zahlreiche Demonstranten forderten jedoch Neuwahlen. [Santana] &#8211; Wahlleiter Coronel General Luiz Quesada gab vorgestern das Ergebnis der I. tolanischen Nationalratswahlen bekannt. Ein Ergebnis von genau 50 Prozent aller Stimmen [&hellip;]<\/p>\n","protected":false},"author":75,"featured_media":0,"comment_status":"open","ping_status":"closed","sticky":false,"template":"","format":"standard","meta":{"_crdt_document":"","footnotes":""},"categories":[86],"tags":[],"class_list":["post-227","post","type-post","status-publish","format-standard","hentry","category-untergegangen"],"_links":{"self":[{"href":"https:\/\/www.mn-nachrichten.de\/index.php?rest_route=\/wp\/v2\/posts\/227","targetHints":{"allow":["GET"]}}],"collection":[{"href":"https:\/\/www.mn-nachrichten.de\/index.php?rest_route=\/wp\/v2\/posts"}],"about":[{"href":"https:\/\/www.mn-nachrichten.de\/index.php?rest_route=\/wp\/v2\/types\/post"}],"author":[{"embeddable":true,"href":"https:\/\/www.mn-nachrichten.de\/index.php?rest_route=\/wp\/v2\/users\/75"}],"replies":[{"embeddable":true,"href":"https:\/\/www.mn-nachrichten.de\/index.php?rest_route=%2Fwp%2Fv2%2Fcomments&post=227"}],"version-history":[{"count":0,"href":"https:\/\/www.mn-nachrichten.de\/index.php?rest_route=\/wp\/v2\/posts\/227\/revisions"}],"wp:attachment":[{"href":"https:\/\/www.mn-nachrichten.de\/index.php?rest_route=%2Fwp%2Fv2%2Fmedia&parent=227"}],"wp:term":[{"taxonomy":"category","embeddable":true,"href":"https:\/\/www.mn-nachrichten.de\/index.php?rest_route=%2Fwp%2Fv2%2Fcategories&post=227"},{"taxonomy":"post_tag","embeddable":true,"href":"https:\/\/www.mn-nachrichten.de\/index.php?rest_route=%2Fwp%2Fv2%2Ftags&post=227"}],"curies":[{"name":"wp","href":"https:\/\/api.w.org\/{rel}","templated":true}]}}