{"id":2232,"date":"2009-05-31T17:17:14","date_gmt":"2009-05-31T15:17:14","guid":{"rendered":"http:\/\/www.mn-nachrichten.de\/?p=2232"},"modified":"2019-11-03T17:21:55","modified_gmt":"2019-11-03T16:21:55","slug":"reino-de-caen-kanceler-gesucht","status":"publish","type":"post","link":"https:\/\/www.mn-nachrichten.de\/?p=2232","title":{"rendered":"[Reino de Caen] Kanceler gesucht!"},"content":{"rendered":"<p><strong><em>San Nuron:<\/em><\/strong> Nach Monaten der ungewissheit ist es nun soweit. Das Reino de Caen ist zur\u00fcck! Momentan wird von seiner Majestad Enrique IV. ein neuer Kanceler gesucht, welcher dem neuen Staat den gewissen R\u00fcckhalt geben soll. Auch stehen Grundlegende ver\u00e4nderungen dem Reino bevor. Seine Majestad sprach davon: &#8222;Nun werde es zu den Ver\u00e4nderungen kommen, die lange Zeit nicht m\u00f6glich waren&#8220;<\/p>\n<p>Gesellschaftlich und Infrastrukturell jedenfalls war und ist Caen mittlerweile schon im Umbau:<\/p>\n<p><a href=\"http:\/\/kgrcaen.kg.funpic.de\/forum\/index.php\">http:\/\/kgrcaen.kg.funpic.de\/forum\/index.php<\/a><\/p>\n","protected":false},"excerpt":{"rendered":"<p>San Nuron: Nach Monaten der ungewissheit ist es nun soweit. Das Reino de Caen ist zur\u00fcck! Momentan wird von seiner Majestad Enrique IV. ein neuer Kanceler gesucht, welcher dem neuen Staat den gewissen R\u00fcckhalt geben soll. Auch stehen Grundlegende ver\u00e4nderungen dem Reino bevor. Seine Majestad sprach davon: &#8222;Nun werde es zu den Ver\u00e4nderungen kommen, die [&hellip;]<\/p>\n","protected":false},"author":248,"featured_media":0,"comment_status":"open","ping_status":"closed","sticky":false,"template":"","format":"standard","meta":{"_crdt_document":"","footnotes":""},"categories":[86],"tags":[],"class_list":["post-2232","post","type-post","status-publish","format-standard","hentry","category-untergegangen"],"_links":{"self":[{"href":"https:\/\/www.mn-nachrichten.de\/index.php?rest_route=\/wp\/v2\/posts\/2232","targetHints":{"allow":["GET"]}}],"collection":[{"href":"https:\/\/www.mn-nachrichten.de\/index.php?rest_route=\/wp\/v2\/posts"}],"about":[{"href":"https:\/\/www.mn-nachrichten.de\/index.php?rest_route=\/wp\/v2\/types\/post"}],"author":[{"embeddable":true,"href":"https:\/\/www.mn-nachrichten.de\/index.php?rest_route=\/wp\/v2\/users\/248"}],"replies":[{"embeddable":true,"href":"https:\/\/www.mn-nachrichten.de\/index.php?rest_route=%2Fwp%2Fv2%2Fcomments&post=2232"}],"version-history":[{"count":3,"href":"https:\/\/www.mn-nachrichten.de\/index.php?rest_route=\/wp\/v2\/posts\/2232\/revisions"}],"predecessor-version":[{"id":2234,"href":"https:\/\/www.mn-nachrichten.de\/index.php?rest_route=\/wp\/v2\/posts\/2232\/revisions\/2234"}],"wp:attachment":[{"href":"https:\/\/www.mn-nachrichten.de\/index.php?rest_route=%2Fwp%2Fv2%2Fmedia&parent=2232"}],"wp:term":[{"taxonomy":"category","embeddable":true,"href":"https:\/\/www.mn-nachrichten.de\/index.php?rest_route=%2Fwp%2Fv2%2Fcategories&post=2232"},{"taxonomy":"post_tag","embeddable":true,"href":"https:\/\/www.mn-nachrichten.de\/index.php?rest_route=%2Fwp%2Fv2%2Ftags&post=2232"}],"curies":[{"name":"wp","href":"https:\/\/api.w.org\/{rel}","templated":true}]}}