{"id":223,"date":"2007-04-29T02:00:05","date_gmt":"2007-04-29T00:00:05","guid":{"rendered":"http:\/\/www.mn-nachrichten.de\/?p=223"},"modified":"2025-03-21T01:45:49","modified_gmt":"2025-03-21T00:45:49","slug":"geldern-2","status":"publish","type":"post","link":"https:\/\/www.mn-nachrichten.de\/?p=223","title":{"rendered":"[Geldern] Volksrat aufgel\u00f6st"},"content":{"rendered":"<p>Am 26.4.07  l\u00f6ste der Kaiser vom HRR Geldern, Ferdinant I. den Volksrat auf, mit der Begr\u00fcndung, dass &#8222;mit ihm nicht mehr zu arbeiten seie&#8220;.<br \/>\nDies ist darauf zur\u00fcckzuf\u00fchren, dass, erneut, die Mehrheit der Abgeordneten f\u00fcr eine zu lange Zeit abwesend war und sich nicht an der Arbeit im Parlament beteidigte.<br \/>\nF\u00fcr den 29.4. sind Neuwahlen angesetzt.<\/p>\n","protected":false},"excerpt":{"rendered":"<p>Am 26.4.07 l\u00f6ste der Kaiser vom HRR Geldern, Ferdinant I. den Volksrat auf, mit der Begr\u00fcndung, dass &#8222;mit ihm nicht mehr zu arbeiten seie&#8220;. Dies ist darauf zur\u00fcckzuf\u00fchren, dass, erneut, die Mehrheit der Abgeordneten f\u00fcr eine zu lange Zeit abwesend war und sich nicht an der Arbeit im Parlament beteidigte. F\u00fcr den 29.4. sind Neuwahlen [&hellip;]<\/p>\n","protected":false},"author":63,"featured_media":0,"comment_status":"open","ping_status":"closed","sticky":false,"template":"","format":"standard","meta":{"_crdt_document":"","footnotes":""},"categories":[998],"tags":[],"class_list":["post-223","post","type-post","status-publish","format-standard","hentry","category-vormals_geldern"],"_links":{"self":[{"href":"https:\/\/www.mn-nachrichten.de\/index.php?rest_route=\/wp\/v2\/posts\/223","targetHints":{"allow":["GET"]}}],"collection":[{"href":"https:\/\/www.mn-nachrichten.de\/index.php?rest_route=\/wp\/v2\/posts"}],"about":[{"href":"https:\/\/www.mn-nachrichten.de\/index.php?rest_route=\/wp\/v2\/types\/post"}],"author":[{"embeddable":true,"href":"https:\/\/www.mn-nachrichten.de\/index.php?rest_route=\/wp\/v2\/users\/63"}],"replies":[{"embeddable":true,"href":"https:\/\/www.mn-nachrichten.de\/index.php?rest_route=%2Fwp%2Fv2%2Fcomments&post=223"}],"version-history":[{"count":1,"href":"https:\/\/www.mn-nachrichten.de\/index.php?rest_route=\/wp\/v2\/posts\/223\/revisions"}],"predecessor-version":[{"id":10413,"href":"https:\/\/www.mn-nachrichten.de\/index.php?rest_route=\/wp\/v2\/posts\/223\/revisions\/10413"}],"wp:attachment":[{"href":"https:\/\/www.mn-nachrichten.de\/index.php?rest_route=%2Fwp%2Fv2%2Fmedia&parent=223"}],"wp:term":[{"taxonomy":"category","embeddable":true,"href":"https:\/\/www.mn-nachrichten.de\/index.php?rest_route=%2Fwp%2Fv2%2Fcategories&post=223"},{"taxonomy":"post_tag","embeddable":true,"href":"https:\/\/www.mn-nachrichten.de\/index.php?rest_route=%2Fwp%2Fv2%2Ftags&post=223"}],"curies":[{"name":"wp","href":"https:\/\/api.w.org\/{rel}","templated":true}]}}