{"id":220,"date":"2007-04-26T11:57:56","date_gmt":"2007-04-26T09:57:56","guid":{"rendered":"http:\/\/www.mn-nachrichten.de\/?p=220"},"modified":"2007-05-03T22:01:36","modified_gmt":"2007-05-03T20:01:36","slug":"machtverschiebung-in-bergen-2","status":"publish","type":"post","link":"https:\/\/www.mn-nachrichten.de\/?p=220","title":{"rendered":"[Bergen] Bundespr\u00e4sidentenwahl wird spannend"},"content":{"rendered":"<p><strong>Freie Stadt Bergen &#8211;<\/strong> Das gab es schon lange nicht mehr in Bergen: Drei Bewerber wollen Bundespr\u00e4sident werden und alle haben realistische Chancen dieses Ziel auch zu schaffen.<\/p>\n<p>Zu den kandidaten z\u00e4hlen der bergische Wirtschaftsminister Wilhelm von Graub\u00fcnden, der dieses Amt bereits inne hatte. Als weiterer Kandidat steht der bergische Au\u00dfenminister und LPB-Gr\u00fcnder Vinzenz Bailey zur Verf\u00fcgung. Als Dritte im Bunde hat die in Stauffen geborene Caroline Meiser ihren Hut in den Ring geworfen.<\/p>\n<p>Der vierte Kandidat, Ex-Kanzler Andreas Lentz, hatte trotz Nominierung auf seine Kandidatur verzichtet. Ob die Sozialdemokraten aber dennoch einen Kandidaten ins Rennen schicken, bleibt abzuwarten.<\/p>\n","protected":false},"excerpt":{"rendered":"<p>Freie Stadt Bergen &#8211; Das gab es schon lange nicht mehr in Bergen: Drei Bewerber wollen Bundespr\u00e4sident werden und alle haben realistische Chancen dieses Ziel auch zu schaffen. Zu den kandidaten z\u00e4hlen der bergische Wirtschaftsminister Wilhelm von Graub\u00fcnden, der dieses Amt bereits inne hatte. Als weiterer Kandidat steht der bergische Au\u00dfenminister und LPB-Gr\u00fcnder Vinzenz Bailey [&hellip;]<\/p>\n","protected":false},"author":74,"featured_media":0,"comment_status":"open","ping_status":"closed","sticky":false,"template":"","format":"standard","meta":{"_crdt_document":"","footnotes":""},"categories":[39],"tags":[],"class_list":["post-220","post","type-post","status-publish","format-standard","hentry","category-bergen"],"_links":{"self":[{"href":"https:\/\/www.mn-nachrichten.de\/index.php?rest_route=\/wp\/v2\/posts\/220","targetHints":{"allow":["GET"]}}],"collection":[{"href":"https:\/\/www.mn-nachrichten.de\/index.php?rest_route=\/wp\/v2\/posts"}],"about":[{"href":"https:\/\/www.mn-nachrichten.de\/index.php?rest_route=\/wp\/v2\/types\/post"}],"author":[{"embeddable":true,"href":"https:\/\/www.mn-nachrichten.de\/index.php?rest_route=\/wp\/v2\/users\/74"}],"replies":[{"embeddable":true,"href":"https:\/\/www.mn-nachrichten.de\/index.php?rest_route=%2Fwp%2Fv2%2Fcomments&post=220"}],"version-history":[{"count":0,"href":"https:\/\/www.mn-nachrichten.de\/index.php?rest_route=\/wp\/v2\/posts\/220\/revisions"}],"wp:attachment":[{"href":"https:\/\/www.mn-nachrichten.de\/index.php?rest_route=%2Fwp%2Fv2%2Fmedia&parent=220"}],"wp:term":[{"taxonomy":"category","embeddable":true,"href":"https:\/\/www.mn-nachrichten.de\/index.php?rest_route=%2Fwp%2Fv2%2Fcategories&post=220"},{"taxonomy":"post_tag","embeddable":true,"href":"https:\/\/www.mn-nachrichten.de\/index.php?rest_route=%2Fwp%2Fv2%2Ftags&post=220"}],"curies":[{"name":"wp","href":"https:\/\/api.w.org\/{rel}","templated":true}]}}