{"id":216,"date":"2007-04-24T20:14:54","date_gmt":"2007-04-24T18:14:54","guid":{"rendered":"http:\/\/www.mn-nachrichten.de\/?p=216"},"modified":"2007-05-03T22:04:29","modified_gmt":"2007-05-03T20:04:29","slug":"andro-michail-kalinin-tot","status":"publish","type":"post","link":"https:\/\/www.mn-nachrichten.de\/?p=216","title":{"rendered":"[Andro] Michail Kalinin tot"},"content":{"rendered":"<p>Der ehemalige Staatschef und Verfassungsvater der SSU Andro, Michail Kalinin, starb heute morgen in seinem Haus in Koskow an einem Herzstillstand.<br \/>\nKalinin lebte seit dem Machtwechsel in Andro zur\u00fcckgezogen in seinem Haus.<br \/>\nAuf ihn geht eine Zeit der Demokratisierung zur\u00fcck, sowie die Ann\u00e4herung an Staaten wie Xinhai, USSRAT, Albenien und Geldern, als auch den Anschluss Andros an die Staatengemeinschaft, der UVNO und der OIK.<\/p>\n<p>\u00dcbermorgen soll f\u00fcr ihn ein Staatsbegr\u00e4bnis stattfinden, zu dem alle Staats und Regierungschefs der Welt eingeladen sind.<\/p>\n","protected":false},"excerpt":{"rendered":"<p>Der ehemalige Staatschef und Verfassungsvater der SSU Andro, Michail Kalinin, starb heute morgen in seinem Haus in Koskow an einem Herzstillstand. Kalinin lebte seit dem Machtwechsel in Andro zur\u00fcckgezogen in seinem Haus. Auf ihn geht eine Zeit der Demokratisierung zur\u00fcck, sowie die Ann\u00e4herung an Staaten wie Xinhai, USSRAT, Albenien und Geldern, als auch den Anschluss [&hellip;]<\/p>\n","protected":false},"author":63,"featured_media":0,"comment_status":"open","ping_status":"closed","sticky":false,"template":"","format":"standard","meta":{"_crdt_document":"","footnotes":""},"categories":[42],"tags":[],"class_list":["post-216","post","type-post","status-publish","format-standard","hentry","category-andro"],"_links":{"self":[{"href":"https:\/\/www.mn-nachrichten.de\/index.php?rest_route=\/wp\/v2\/posts\/216","targetHints":{"allow":["GET"]}}],"collection":[{"href":"https:\/\/www.mn-nachrichten.de\/index.php?rest_route=\/wp\/v2\/posts"}],"about":[{"href":"https:\/\/www.mn-nachrichten.de\/index.php?rest_route=\/wp\/v2\/types\/post"}],"author":[{"embeddable":true,"href":"https:\/\/www.mn-nachrichten.de\/index.php?rest_route=\/wp\/v2\/users\/63"}],"replies":[{"embeddable":true,"href":"https:\/\/www.mn-nachrichten.de\/index.php?rest_route=%2Fwp%2Fv2%2Fcomments&post=216"}],"version-history":[{"count":0,"href":"https:\/\/www.mn-nachrichten.de\/index.php?rest_route=\/wp\/v2\/posts\/216\/revisions"}],"wp:attachment":[{"href":"https:\/\/www.mn-nachrichten.de\/index.php?rest_route=%2Fwp%2Fv2%2Fmedia&parent=216"}],"wp:term":[{"taxonomy":"category","embeddable":true,"href":"https:\/\/www.mn-nachrichten.de\/index.php?rest_route=%2Fwp%2Fv2%2Fcategories&post=216"},{"taxonomy":"post_tag","embeddable":true,"href":"https:\/\/www.mn-nachrichten.de\/index.php?rest_route=%2Fwp%2Fv2%2Ftags&post=216"}],"curies":[{"name":"wp","href":"https:\/\/api.w.org\/{rel}","templated":true}]}}