{"id":2158,"date":"2009-05-13T11:59:35","date_gmt":"2009-05-13T10:59:35","guid":{"rendered":"http:\/\/www.mn-nachrichten.de\/?p=2158"},"modified":"2009-05-13T11:59:35","modified_gmt":"2009-05-13T10:59:35","slug":"thorchalien-putsch-durch-linke-demokraten","status":"publish","type":"post","link":"https:\/\/www.mn-nachrichten.de\/?p=2158","title":{"rendered":"[Thorchalien] Putsch durch Linke &amp; Demokraten"},"content":{"rendered":"<p>In Thorchalien kam es gestern zu einem Putsch linker Gruppierungen. Man besetzte das Parlament und rief die Republik aus. Es kommt vor allem in der Hauptstadt und in Istvanien zu gro\u00dfen Demonstrationen. Die Regierung wurde von den Putschisten ebenfalls festgesetzt. Die Armee ergriff sofort Gegenma\u00dfnahmen und r\u00fcckte aus um die Hauptstadt und das Regierungsviertel zu sichern. Derzeit scheint es aber so, dass die ganze Bev\u00f6lkerung sehr legargisch auf den Putsch reagiert und man damit nicht so recht etwas anfangen kann.<\/p>\n","protected":false},"excerpt":{"rendered":"<p>In Thorchalien kam es gestern zu einem Putsch linker Gruppierungen. Man besetzte das Parlament und rief die Republik aus. Es kommt vor allem in der Hauptstadt und in Istvanien zu gro\u00dfen Demonstrationen. Die Regierung wurde von den Putschisten ebenfalls festgesetzt. Die Armee ergriff sofort Gegenma\u00dfnahmen und r\u00fcckte aus um die Hauptstadt und das Regierungsviertel zu [&hellip;]<\/p>\n","protected":false},"author":123,"featured_media":0,"comment_status":"open","ping_status":"closed","sticky":false,"template":"","format":"standard","meta":{"_crdt_document":"","footnotes":""},"categories":[86],"tags":[],"class_list":["post-2158","post","type-post","status-publish","format-standard","hentry","category-untergegangen"],"_links":{"self":[{"href":"https:\/\/www.mn-nachrichten.de\/index.php?rest_route=\/wp\/v2\/posts\/2158","targetHints":{"allow":["GET"]}}],"collection":[{"href":"https:\/\/www.mn-nachrichten.de\/index.php?rest_route=\/wp\/v2\/posts"}],"about":[{"href":"https:\/\/www.mn-nachrichten.de\/index.php?rest_route=\/wp\/v2\/types\/post"}],"author":[{"embeddable":true,"href":"https:\/\/www.mn-nachrichten.de\/index.php?rest_route=\/wp\/v2\/users\/123"}],"replies":[{"embeddable":true,"href":"https:\/\/www.mn-nachrichten.de\/index.php?rest_route=%2Fwp%2Fv2%2Fcomments&post=2158"}],"version-history":[{"count":1,"href":"https:\/\/www.mn-nachrichten.de\/index.php?rest_route=\/wp\/v2\/posts\/2158\/revisions"}],"predecessor-version":[{"id":2159,"href":"https:\/\/www.mn-nachrichten.de\/index.php?rest_route=\/wp\/v2\/posts\/2158\/revisions\/2159"}],"wp:attachment":[{"href":"https:\/\/www.mn-nachrichten.de\/index.php?rest_route=%2Fwp%2Fv2%2Fmedia&parent=2158"}],"wp:term":[{"taxonomy":"category","embeddable":true,"href":"https:\/\/www.mn-nachrichten.de\/index.php?rest_route=%2Fwp%2Fv2%2Fcategories&post=2158"},{"taxonomy":"post_tag","embeddable":true,"href":"https:\/\/www.mn-nachrichten.de\/index.php?rest_route=%2Fwp%2Fv2%2Ftags&post=2158"}],"curies":[{"name":"wp","href":"https:\/\/api.w.org\/{rel}","templated":true}]}}